{"id":1059952,"date":"2026-05-31T17:44:19","date_gmt":"2026-05-31T17:44:19","guid":{"rendered":"https:\/\/www.europesays.com\/de\/1059952\/"},"modified":"2026-05-31T17:44:19","modified_gmt":"2026-05-31T17:44:19","slug":"500-teilnehmer-bei-familienwallfahrt-des-bistums-augsburg-nach-rom","status":"publish","type":"post","link":"https:\/\/www.europesays.com\/de\/1059952\/","title":{"rendered":"500 Teilnehmer bei Familienwallfahrt des Bistums Augsburg nach Rom"},"content":{"rendered":"<p class=\"em_text\"><strong>500 Personen haben an der Familienwallfahrt des Bistums Augsburg nach Rom teilgenommen. Vom 25. bis 30. Mai waren sie gemeinsam mit Bischof Bertram Meier nach Italien gereist. Besonderer H\u00f6hepunkt war die Teilnahme an der Generalaudienz des Papstes auf dem Petersplatz. <\/strong><\/p>\n<p>Papst Leo XIV. sprach in seiner Katechese \u00fcber die Sch\u00f6nheit der Liturgie und rief die Menschen deutscher Sprache dazu auf, mit der Kraft des Heiligen Geistes gl\u00e4ubig und and\u00e4chtig an der heiligen Liturgie teilzunehmen, \u201edamit wir Christus immer mehr gleichgestaltet werden und durch ihn den einen und dreifaltigen Gott verherrlichen\u201c. Gleichzeitig dr\u00fcckte er erneut seine Sorge \u00fcber die Intensivierung der K\u00e4mpfe in der Ukraine aus. Sein Fazit: \u201eDer Krieg l\u00f6st keine Probleme, sondern versch\u00e4rft sie; er schafft keine Sicherheit, sondern vervielfacht Leid und Hass.\u201c<\/p>\n<p>    Darum will Bischof Betram Meier nicht Papst werden<\/p>\n<p class=\"em_text\">Bischof Meier lud die jugendlichen Teilnehmer zu \u201ePizza and talk\u201c nach Trastevere ein. So wollten sie von ihm beispielsweise wissen, wie er Bischof geworden sei, welche Glaubensmomente in seinem Leben ihm in Erinnerung geblieben w\u00e4ren und was er von der Benachteiligung der Frauen in der Kirche halte. Am h\u00e4ufigsten jedoch kam die Frage auf, was er am Morgen mit dem Papst gesprochen habe. Seine Antwort: \u201eIch habe mich dem Papst vorstellen wollen, doch dieser meinte gleich, dass er mich noch in Erinnerung habe. Auch Augsburg war ihm ein Begriff. Darauf habe ich erwidert, dass er mich hoffentlich in guter Erinnerung habe, woraufhin wir beide lachen mussten.\u201c Abschlie\u00dfend wollten die Jugendlichen von ihm wissen, ob er selbst einmal Papst werden wolle. Bischof Bertram verneinte dies mit Nachdruck und erkl\u00e4rte, dass P\u00e4pste sehr einsame Menschen seien. Selbst ihm als Bischof falle es schon schwer, Freundschaften gut zu pflegen und zwischen echten und falschen Freunden zu unterscheiden.<\/p>\n<p><a href=\"https:\/\/www.europesays.com\/de\/wp-content\/uploads\/2026\/05\/d02cedd7f98d-29-138885827.jpg\" title=\"Das Maskottchen Lupinella begleitete die Kinder auf der Familienwallfahrt durch Rom. - Foto: Leander Stork\/pba\" class=\"use-fancybox\" data-fancybox=\"images\" data-caption=\"Das Maskottchen Lupinella begleitete die Kinder auf der Familienwallfahrt durch Rom. - Foto: Leander Stork\/pba\">                        <\/p>\n<p>    <img decoding=\"async\" aria-hidden=\"true\" loading=\"lazy\" onload=\"this.parentNode.style.backgroundColor=\" transparent=\"\" alt=\"\" src=\"https:\/\/www.europesays.com\/de\/wp-content\/uploads\/2026\/05\/d02cedd7f98d-29-138885827.jpg\" class=\"figure-img img-fluid margin-bottom-0 initiated show  h-100 \" width=\"1024\" height=\"658\"\/><\/p>\n<p>            <\/a><\/p>\n<p>        Das Maskottchen Lupinella begleitete die Kinder auf der Familienwallfahrt durch Rom. &#8211; Foto: Leander Stork\/pba<\/p>\n<p class=\"em_text\">In seiner Predigt w\u00e4hrend des Abschlussgottesdienstes in der Papstbasilika St. Paul vor den Mauern betonte Bischof Meier, dass Rom einiges zu bieten gehabt habe. \u201eAm wichtigsten scheint mir zu sein, dass wir die positiven Begegnungen und Erfahrungen wie einen Schatz in unseren Herzen dankbar aufnehmen, damit die Bilder dieser Reise nicht verfliegen wie ein Spielfilm, den wir im Halbschlaf schauen.\u201c<\/p>\n<p style=\"text-align:right;\">AZ    <\/p>\n","protected":false},"excerpt":{"rendered":"500 Personen haben an der Familienwallfahrt des Bistums Augsburg nach Rom teilgenommen. Vom 25. bis 30. Mai waren&hellip;\n","protected":false},"author":2,"featured_media":1059953,"comment_status":"","ping_status":"","sticky":false,"template":"","format":"standard","meta":{"footnotes":"","_share_on_mastodon":"0"},"categories":[1846],"tags":[680,772,3364,29,548,663,3934,30,13,14,15,39775,12],"class_list":["post-1059952","post","type-post","status-publish","format-standard","has-post-thumbnail","category-augsburg","tag-augsburg","tag-bayern","tag-de","tag-deutschland","tag-eu","tag-europa","tag-europe","tag-germany","tag-headlines","tag-nachrichten","tag-news","tag-papst-leo","tag-schlagzeilen"],"share_on_mastodon":{"url":"https:\/\/pubeurope.com\/@de\/116670435679694274","error":""},"_links":{"self":[{"href":"https:\/\/www.europesays.com\/de\/wp-json\/wp\/v2\/posts\/1059952","targetHints":{"allow":["GET"]}}],"collection":[{"href":"https:\/\/www.europesays.com\/de\/wp-json\/wp\/v2\/posts"}],"about":[{"href":"https:\/\/www.europesays.com\/de\/wp-json\/wp\/v2\/types\/post"}],"author":[{"embeddable":true,"href":"https:\/\/www.europesays.com\/de\/wp-json\/wp\/v2\/users\/2"}],"replies":[{"embeddable":true,"href":"https:\/\/www.europesays.com\/de\/wp-json\/wp\/v2\/comments?post=1059952"}],"version-history":[{"count":0,"href":"https:\/\/www.europesays.com\/de\/wp-json\/wp\/v2\/posts\/1059952\/revisions"}],"wp:featuredmedia":[{"embeddable":true,"href":"https:\/\/www.europesays.com\/de\/wp-json\/wp\/v2\/media\/1059953"}],"wp:attachment":[{"href":"https:\/\/www.europesays.com\/de\/wp-json\/wp\/v2\/media?parent=1059952"}],"wp:term":[{"taxonomy":"category","embeddable":true,"href":"https:\/\/www.europesays.com\/de\/wp-json\/wp\/v2\/categories?post=1059952"},{"taxonomy":"post_tag","embeddable":true,"href":"https:\/\/www.europesays.com\/de\/wp-json\/wp\/v2\/tags?post=1059952"}],"curies":[{"name":"wp","href":"https:\/\/api.w.org\/{rel}","templated":true}]}}