{"id":1060003,"date":"2026-05-31T18:14:28","date_gmt":"2026-05-31T18:14:28","guid":{"rendered":"https:\/\/www.europesays.com\/de\/1060003\/"},"modified":"2026-05-31T18:14:28","modified_gmt":"2026-05-31T18:14:28","slug":"nuernberg-festnahme-wegen-vergewaltigung-im-umfeld-des-hauptbahnhofs","status":"publish","type":"post","link":"https:\/\/www.europesays.com\/de\/1060003\/","title":{"rendered":"N\u00fcrnberg: Festnahme wegen Vergewaltigung im Umfeld des Hauptbahnhofs"},"content":{"rendered":"<p>N\u00fcrnberger Hauptbahnhof <\/p>\n<p>22-J\u00e4hriger wegen Vergewaltigung einer Minderj\u00e4hrigen in Haft<\/p>\n<p>31.05.2026 &#8211; 16:53 UhrLesedauer: 1 Min.<\/p>\n<p><a href=\"#focus-0\" class=\"transition-colors duration-200 block text-current relative\" data-sctrack=\"FocusGalleryImage.Reference\"><img fetchpriority=\"high\" data-testid=\"Opener.Image\"   loading=\"eager\" src=\"https:\/\/www.europesays.com\/de\/wp-content\/uploads\/2026\/05\/waffenverbotszone-am-hauptbahnhof-nuernberg-nuernberg-05-122025-ein-polizeifahrzeug-mit-eingeschalte.jpeg\" alt=\"imago images 0842218024\" title=\"imago images 0842218024\" width=\"3974\" height=\"2235\" class=\"bg-[url:var(--lqipURL)] bg-cover bg-center flex h-full w-full max-w-full\" style=\"--lqipURL:url('https:\/\/images.t-online.de\/2026\/05\/Up9jignY8suB\/0x207:3974x2235\/fit-in\/150x0\/filters:blur(25)\/waffenverbotszone-am-hauptbahnhof-nuernberg-nuernberg-05-122025-ein-polizeifahrzeug-mit-eingeschaltetem-blaulicht-faehrt-an-einem-hinweisschild-zur-waffen-und-messerverbotszone-vorbei-das-an-einem-laternenmast-in-der-naehe-des-nuernberger-hauptbahnhofs-angebracht-ist-im-hintergrund-ist-die-historische-fassade-des-bahnhofsgebaeudes-zu-sehen-die-verbotszone-wurde-zur-erhoehung-der-sicherheit-im-bahnhofsumfeld-eingerichtet-nuernberg-bayern-deutschland-weapons-prohibition-zone-at-nuremberg-central-station.jpg')\" decoding=\"async\"\/><img loading=\"lazy\" src=\"https:\/\/nuernberg.t-online.de\/s\/paper\/_next\/static\/media\/zoom-in.f7dae02f.svg\" alt=\"Vergr\u00f6\u00dfern des Bildes\" title=\"Vergr\u00f6\u00dfern des Bildes\" class=\"block h-[calc(var(--height)_\/_16_*_1rem)] w-[calc(var(--width)_\/_16_*_1rem)] max-w-none absolute bottom-8 right-8 rounded-4 bg-snow p-8\" style=\"--width:32;--height:32\" decoding=\"async\"\/><\/a><\/p>\n<p>Polizei am N\u00fcrnberger Hauptbahnhof (Symbolbild): Die Beamten haben zwei M\u00e4nner im Umfeld des Bahnhofs festgenommen. (Quelle: IMAGO\/Ardan Fuessmann\/imago)<\/p>\n<p><img loading=\"lazy\" src=\"https:\/\/nuernberg.t-online.de\/s\/paper\/_next\/static\/media\/audio-volume.6689034c.svg\" alt=\"\" title=\"\" class=\"block h-[calc(var(--height)_\/_16_*_1rem)] w-[calc(var(--width)_\/_16_*_1rem)] max-w-none group-hover:brightness-0 group-hover:invert\" style=\"--width:16;--height:16\" decoding=\"async\"\/>Vorlesen<\/p>\n<p>Aktuelle Zeit:0:00Gesamtdauer:0:00<\/p>\n<p>1x<\/p>\n<p class=\"text-center\">Jetzt neu bei t-online:<\/p>\n<p class=\"text-center\">Schriftgr\u00f6\u00dfe anpassen!<\/p>\n<p><img loading=\"lazy\" src=\"https:\/\/nuernberg.t-online.de\/s\/paper\/_next\/static\/media\/font-sizes.32942e33.svg\" alt=\"\" title=\"\" class=\"block h-[calc(var(--height)_\/_16_*_1rem)] w-[calc(var(--width)_\/_16_*_1rem)] max-w-none group-hover:hidden group-aria-expanded:hidden\" style=\"--width:16;--height:16\" decoding=\"async\"\/><img loading=\"lazy\" src=\"https:\/\/nuernberg.t-online.de\/s\/paper\/_next\/static\/media\/font-sizes-dark-mode.e382645c.svg\" alt=\"\" title=\"\" class=\"block h-[calc(var(--height)_\/_16_*_1rem)] w-[calc(var(--width)_\/_16_*_1rem)] max-w-none hidden group-hover:block group-aria-expanded:block\" style=\"--width:16;--height:16\" decoding=\"async\"\/><img loading=\"lazy\" src=\"https:\/\/nuernberg.t-online.de\/s\/paper\/_next\/static\/media\/sharing-menu-icon.1eb71368.svg\" alt=\"\" title=\"\" class=\"block h-[calc(var(--height)_\/_16_*_1rem)] w-[calc(var(--width)_\/_16_*_1rem)] max-w-none group-hover:brightness-0 group-hover:invert\" style=\"--width:16;--height:16\" decoding=\"async\"\/>Artikel teilen<\/p>\n<p class=\"font-bold text-18 leading-17 user-text-lg:text-22 user-text-xl:text-24\">Rund um den N\u00fcrnberger Hauptbahnhof nimmt die Polizei zwei M\u00e4nner fest. Es geht um Sexual- und Drogendelikte.<\/p>\n<p class=\"text-18 leading-17 user-text-lg:text-22 user-text-xl:text-24\">Ein 22-J\u00e4hriger sitzt in Untersuchungshaft, weil er eine Minderj\u00e4hrige in seiner N\u00fcrnberger Wohnung vergewaltigt haben soll. Nach Polizeiangaben soll er ihr zudem ein verschreibungspflichtiges Schmerzmittel verabreicht haben. Das Amtsgericht N\u00fcrnberg erlie\u00df den Haftbefehl auf Antrag der Staatsanwaltschaft.<\/p>\n<p class=\"text-18 leading-17 user-text-lg:text-22 user-text-xl:text-24\">Bei der Durchsuchung der Wohnung stellten Einsatzkr\u00e4fte laut Polizei entsprechende Medikamente sowie synthetische Drogen sicher.<\/p>\n<p class=\"text-18 leading-17 user-text-lg:text-22 user-text-xl:text-24\">Die Festnahme geht auf laufende Ermittlungen der Kommission &#8222;EKO Kajal&#8220; der N\u00fcrnberger Kriminalpolizei zur\u00fcck. Die Kommission untersucht Sexualdelikte gegen M\u00e4dchen und junge Frauen sowie die Abgabe von Drogen und Medikamenten an Minderj\u00e4hrige im Umfeld des N\u00fcrnberger Hauptbahnhofs.<\/p>\n<p>Weitere Festnahme wegen Drogenbesitz<\/p>\n<p class=\"text-18 leading-17 user-text-lg:text-22 user-text-xl:text-24\">Bei demselben Einsatz nahm die Polizei auch einen 35-J\u00e4hrigen fest. Er f\u00fchrte nach Polizeiangaben ein Gemisch aus Kokain und Amphetamin mit sich. Gegen ihn bestand zudem bereits ein Haftbefehl in einer anderen Sache \u2013 er wurde in eine Justizvollzugsanstalt gebracht.<\/p>\n<p class=\"text-18 leading-17 user-text-lg:text-22 user-text-xl:text-24\">Laut Polizei dauern die Ermittlungen an. Ziel sei die Aufkl\u00e4rung m\u00f6glicher weiterer Taten sowie die Identifizierung weiterer Tatverd\u00e4chtiger im Bahnhofsumfeld.<\/p>\n","protected":false},"excerpt":{"rendered":"N\u00fcrnberger Hauptbahnhof 22-J\u00e4hriger wegen Vergewaltigung einer Minderj\u00e4hrigen in Haft 31.05.2026 &#8211; 16:53 UhrLesedauer: 1 Min. Polizei am N\u00fcrnberger&hellip;\n","protected":false},"author":2,"featured_media":1060004,"comment_status":"","ping_status":"","sticky":false,"template":"","format":"standard","meta":{"footnotes":"","_share_on_mastodon":"0"},"categories":[1837],"tags":[722,17161,1601,772,3364,29,433,24885,980,30,3601,3783,121,1997,1921],"class_list":["post-1060003","post","type-post","status-publish","format-standard","has-post-thumbnail","category-nuernberg","tag-722","tag-17161","tag-amtsgericht","tag-bayern","tag-de","tag-deutschland","tag-drogen","tag-drogendelikt","tag-festnahme","tag-germany","tag-hauptbahnhof","tag-nuernberg","tag-polizei","tag-staatsanwaltschaft","tag-vergewaltigung"],"share_on_mastodon":{"url":"https:\/\/pubeurope.com\/@de\/116670555109412875","error":""},"_links":{"self":[{"href":"https:\/\/www.europesays.com\/de\/wp-json\/wp\/v2\/posts\/1060003","targetHints":{"allow":["GET"]}}],"collection":[{"href":"https:\/\/www.europesays.com\/de\/wp-json\/wp\/v2\/posts"}],"about":[{"href":"https:\/\/www.europesays.com\/de\/wp-json\/wp\/v2\/types\/post"}],"author":[{"embeddable":true,"href":"https:\/\/www.europesays.com\/de\/wp-json\/wp\/v2\/users\/2"}],"replies":[{"embeddable":true,"href":"https:\/\/www.europesays.com\/de\/wp-json\/wp\/v2\/comments?post=1060003"}],"version-history":[{"count":0,"href":"https:\/\/www.europesays.com\/de\/wp-json\/wp\/v2\/posts\/1060003\/revisions"}],"wp:featuredmedia":[{"embeddable":true,"href":"https:\/\/www.europesays.com\/de\/wp-json\/wp\/v2\/media\/1060004"}],"wp:attachment":[{"href":"https:\/\/www.europesays.com\/de\/wp-json\/wp\/v2\/media?parent=1060003"}],"wp:term":[{"taxonomy":"category","embeddable":true,"href":"https:\/\/www.europesays.com\/de\/wp-json\/wp\/v2\/categories?post=1060003"},{"taxonomy":"post_tag","embeddable":true,"href":"https:\/\/www.europesays.com\/de\/wp-json\/wp\/v2\/tags?post=1060003"}],"curies":[{"name":"wp","href":"https:\/\/api.w.org\/{rel}","templated":true}]}}