{"id":1060129,"date":"2026-05-31T19:30:44","date_gmt":"2026-05-31T19:30:44","guid":{"rendered":"https:\/\/www.europesays.com\/de\/1060129\/"},"modified":"2026-05-31T19:30:44","modified_gmt":"2026-05-31T19:30:44","slug":"dfb-team-nagelsmann-laesst-naechsten-neuer-einsatz-offen-fussball","status":"publish","type":"post","link":"https:\/\/www.europesays.com\/de\/1060129\/","title":{"rendered":"DFB-Team: Nagelsmann l\u00e4sst n\u00e4chsten Neuer-Einsatz offen | Fu\u00dfball"},"content":{"rendered":"<p><a class=\"skip-content skip-content--link\" href=\"#in-content-skip-link-target-v-0-0\">TTS-Player \u00fcberspringen\u21b5<\/a><a id=\"in-content-skip-link-target-v-0-0\" class=\"skip-content--target-link-hidden skip-content skip-content--target-link\" href=\"#in-content-skip-link-target-v-0-0\">Artikel weiterlesen<\/a><\/p>\n<p><b>Manuel Neuer (40) wird beim L\u00e4nderspiel gegen Finnland noch geschont. Ob der Weltmeister von 2014 bei der <\/b><a href=\"https:\/\/sportbild.bild.de\/fussball\/wm-yTCPXgTTl9P1AhquZhcL.sport.html\" class=\"text-link\" rel=\"nofollow noopener\" target=\"_blank\"><b>WM<\/b><\/a><b>-Generalprobe gegen die USA wieder im Tor stehen wird, lie\u00df Bundestrainer Julian Nagelsmann (38) allerdings offen.<\/b><\/p>\n<p>Vor dem Spiel gegen Finnland sprach Nagelsmann im \u201eZDF\u201c mit Moderatorin Katrin M\u00fcller-Hohenstein (60) \u00fcber die aktuelle Situation des <a href=\"https:\/\/sportbild.bild.de\/bundesliga\/vereine\/bayern-muenchen\/home-33283572.sport.html\" class=\"text-link\" rel=\"nofollow noopener\" target=\"_blank\">Bayern<\/a>-Torwarts. Neuer fehlt weiterhin wegen Problemen an der Wade.<\/p>\n<p>\u201eJe l\u00e4nger wir der verh\u00e4rteten Struktur Zeit lassen, desto besser ist es. Wir brauchen da kein Risiko einzugehen\u201c, erkl\u00e4rte Nagelsmann. Gleichzeitig betonte der Bundestrainer, dass die Entscheidung auch mit einer Belohnung f\u00fcr Oliver Baumann (35) zusammenh\u00e4nge. \u201eEs geht aber auch darum, Oli Baumann zu belohnen. Er hat f\u00fcr uns eine sehr gute WM-Quali gespielt, weil er sich sehr gut eingebracht hat und einen tollen Team-Spirit verk\u00f6rpert.\u201c<\/p>\n<p>Mehr zum ThemaEntscheidung soll n\u00e4chste Woche fallen<\/p>\n<p>Auf die Frage von M\u00fcller Hohenstein, ob Neuer beim letzten Testspiel vor der Weltmeisterschaft gegen die USA in Chicago wieder zwischen den Pfosten stehen werde, wollte sich Nagelsmann noch nicht festlegen.<\/p>\n<p>\u201eJa, das werden wir, wie ich schon gesagt habe, n\u00e4chste Woche entscheiden\u201c, sagte der Bundestrainer. Zun\u00e4chst liege der Fokus auf dem Finnland-Spiel. Danach wolle das Trainerteam die Situation neu bewerten. Eine neue Torwartdiskussion wollte Nagelsmann damit aber offensichtlich nicht er\u00f6ffnen. Vielmehr geht es aktuell vor allem darum, Neuer rechtzeitig und ohne Risiko fit f\u00fcr den WM-Start zu bekommen. <\/p>\n<p>F\u00fcr Baumann d\u00fcrfte der Auftritt gegen Finnland trotzdem eine wichtige Chance sein, noch einmal Eigenwerbung zu betreiben. Nagelsmann machte jedenfalls deutlich, dass er dem Hoffenheim Keeper voll vertraut. \u201eIch hoffe, dass er ein herausragendes Spiel macht\u201c, sagte der Bundestrainer vor der Partie. Die WM beginnt f\u00fcr Deutschland in zwei Wochen. Zuvor steht noch die Generalprobe gegen die USA an.<\/p>\n","protected":false},"excerpt":{"rendered":"TTS-Player \u00fcberspringen\u21b5Artikel weiterlesen Manuel Neuer (40) wird beim L\u00e4nderspiel gegen Finnland noch geschont. Ob der Weltmeister von 2014&hellip;\n","protected":false},"author":2,"featured_media":1060130,"comment_status":"","ping_status":"","sticky":false,"template":"","format":"standard","meta":{"footnotes":"","_share_on_mastodon":"0"},"categories":[3977],"tags":[331,332,106109,1260,481,13,14,24705,18552,15,12,226115,4017,4018,4016,64,4019,4020],"class_list":["post-1060129","post","type-post","status-publish","format-standard","has-post-thumbnail","category-usa","tag-aktuelle-nachrichten","tag-aktuelle-news","tag-baumann-oliver","tag-deutsche-nationalmannschaft","tag-dfb","tag-headlines","tag-nachrichten","tag-nagelsmann-julian","tag-neuer-manuel","tag-news","tag-schlagzeilen","tag-spobi-nationalmannschaft","tag-united-states","tag-united-states-of-america","tag-us","tag-usa","tag-vereinigte-staaten","tag-vereinigte-staaten-von-amerika"],"share_on_mastodon":{"url":"https:\/\/pubeurope.com\/@de\/116670852270819107","error":""},"_links":{"self":[{"href":"https:\/\/www.europesays.com\/de\/wp-json\/wp\/v2\/posts\/1060129","targetHints":{"allow":["GET"]}}],"collection":[{"href":"https:\/\/www.europesays.com\/de\/wp-json\/wp\/v2\/posts"}],"about":[{"href":"https:\/\/www.europesays.com\/de\/wp-json\/wp\/v2\/types\/post"}],"author":[{"embeddable":true,"href":"https:\/\/www.europesays.com\/de\/wp-json\/wp\/v2\/users\/2"}],"replies":[{"embeddable":true,"href":"https:\/\/www.europesays.com\/de\/wp-json\/wp\/v2\/comments?post=1060129"}],"version-history":[{"count":0,"href":"https:\/\/www.europesays.com\/de\/wp-json\/wp\/v2\/posts\/1060129\/revisions"}],"wp:featuredmedia":[{"embeddable":true,"href":"https:\/\/www.europesays.com\/de\/wp-json\/wp\/v2\/media\/1060130"}],"wp:attachment":[{"href":"https:\/\/www.europesays.com\/de\/wp-json\/wp\/v2\/media?parent=1060129"}],"wp:term":[{"taxonomy":"category","embeddable":true,"href":"https:\/\/www.europesays.com\/de\/wp-json\/wp\/v2\/categories?post=1060129"},{"taxonomy":"post_tag","embeddable":true,"href":"https:\/\/www.europesays.com\/de\/wp-json\/wp\/v2\/tags?post=1060129"}],"curies":[{"name":"wp","href":"https:\/\/api.w.org\/{rel}","templated":true}]}}