{"id":1060175,"date":"2026-05-31T20:05:19","date_gmt":"2026-05-31T20:05:19","guid":{"rendered":"https:\/\/www.europesays.com\/de\/1060175\/"},"modified":"2026-05-31T20:05:19","modified_gmt":"2026-05-31T20:05:19","slug":"duesseldorf-junges-schauspiel-zieht-bilanz-am-hauptbahnhof","status":"publish","type":"post","link":"https:\/\/www.europesays.com\/de\/1060175\/","title":{"rendered":"D\u00fcsseldorf: Junges Schauspiel zieht Bilanz am Hauptbahnhof"},"content":{"rendered":"<p class=\"text_ohne_einzug richtext text-em-55 !leading-serif mx-6 desktop:mx-0\"> Endlich ist Stefan Fischer-Fels da, wo er hinwollte: mitten in der Stadt. Er steht vor dem Eingang des Central, zwischen Fernbusstation und Bahnhofsvorplatz. Seit einem halben Jahr ist das Junge Schauspiel hier beheimatet. Von der M\u00fcnsterstra\u00dfe in M\u00f6rsenbroich zog die Sparte des D\u00fcsseldorfer Schauspielhauses in die Stadtmitte. Trotz aller Bedenken die richtige Entscheidung, sagt Fischer-Fels.<\/p>\n","protected":false},"excerpt":{"rendered":"Endlich ist Stefan Fischer-Fels da, wo er hinwollte: mitten in der Stadt. Er steht vor dem Eingang des&hellip;\n","protected":false},"author":2,"featured_media":1060176,"comment_status":"","ping_status":"","sticky":false,"template":"","format":"standard","meta":{"footnotes":"","_share_on_mastodon":"0"},"categories":[1831],"tags":[183907,3364,29,3405,38907,10927,30,84580,3601,34789,1209,34261],"class_list":["post-1060175","post","type-post","status-publish","format-standard","has-post-thumbnail","category-duesseldorf","tag-beheimatet","tag-de","tag-deutschland","tag-duesseldorf","tag-fels","tag-fischer","tag-germany","tag-halben","tag-hauptbahnhof","tag-leiter","tag-nordrhein-westfalen","tag-sorgen"],"share_on_mastodon":{"url":"https:\/\/pubeurope.com\/@de\/116670989790635288","error":""},"_links":{"self":[{"href":"https:\/\/www.europesays.com\/de\/wp-json\/wp\/v2\/posts\/1060175","targetHints":{"allow":["GET"]}}],"collection":[{"href":"https:\/\/www.europesays.com\/de\/wp-json\/wp\/v2\/posts"}],"about":[{"href":"https:\/\/www.europesays.com\/de\/wp-json\/wp\/v2\/types\/post"}],"author":[{"embeddable":true,"href":"https:\/\/www.europesays.com\/de\/wp-json\/wp\/v2\/users\/2"}],"replies":[{"embeddable":true,"href":"https:\/\/www.europesays.com\/de\/wp-json\/wp\/v2\/comments?post=1060175"}],"version-history":[{"count":0,"href":"https:\/\/www.europesays.com\/de\/wp-json\/wp\/v2\/posts\/1060175\/revisions"}],"wp:featuredmedia":[{"embeddable":true,"href":"https:\/\/www.europesays.com\/de\/wp-json\/wp\/v2\/media\/1060176"}],"wp:attachment":[{"href":"https:\/\/www.europesays.com\/de\/wp-json\/wp\/v2\/media?parent=1060175"}],"wp:term":[{"taxonomy":"category","embeddable":true,"href":"https:\/\/www.europesays.com\/de\/wp-json\/wp\/v2\/categories?post=1060175"},{"taxonomy":"post_tag","embeddable":true,"href":"https:\/\/www.europesays.com\/de\/wp-json\/wp\/v2\/tags?post=1060175"}],"curies":[{"name":"wp","href":"https:\/\/api.w.org\/{rel}","templated":true}]}}