{"id":1060234,"date":"2026-05-31T20:46:21","date_gmt":"2026-05-31T20:46:21","guid":{"rendered":"https:\/\/www.europesays.com\/de\/1060234\/"},"modified":"2026-05-31T20:46:21","modified_gmt":"2026-05-31T20:46:21","slug":"newsblog-unwetterfront-mit-starkregen-und-hagel-in-sachsen","status":"publish","type":"post","link":"https:\/\/www.europesays.com\/de\/1060234\/","title":{"rendered":"Newsblog: Unwetterfront mit Starkregen und Hagel in Sachsen"},"content":{"rendered":"<p>15:40 Uhr | Was hat Sachsen noch zu erwarten?<\/p>\n<p class=\"text\">\nNach einer Ruhepause am Nachmittag ziehen wahrscheinlich am Abend neue Regenfelder heran. Sie erreichen nach derzeitigem Stand den Nordwesten, also die Leipziger Tieflandsbucht gegen 18 Uhr. Danach zieht das Band einmal quer \u00fcber Sachsen. Kleing\u00e4rtner im Osten Sachsens haben also Hoffnung, dass sich die Regentonnen doch noch f\u00fcllen. Es wird aber nicht \u00fcberall regnen.\n<\/p>\n<p>14:30 Uhr | MDR-User fotografiert Wetter-Schauspiel<\/p>\n<p class=\"text\">\nMDR-Zuschauer Mario Ta\u00dfler ist am Mittag ein beeindruckendes Foto von der Unwetterfront gelungen, mit Blick auf Schneeberg.\n<\/p>\n<p>13:55 Uhr | Schlammlawine in Rodewisch<\/p>\n<p class=\"text\">\nHeftiger Regen hat in Rodewisch im Vogtland eine Schlammlawine ausgel\u00f6st, wie Reporterbilder zeigen. Dabei wurde die Erde von umliegenden Feldern runtergesp\u00fclt. Feuerwehr und Anwohner sind derzeit dabei, Wege und Stra\u00dfen wieder zu s\u00e4ubern.<\/p>\n<p>Aktuell liegen keine Unwetterwarnungen in Sachsen mehr vor.\n<\/p>\n<p>13:40 Uhr | Erste Regenmengen gemessen<\/p>\n<p class=\"text\">\nDas MDR-Wetterstudio meldet folgende Regenmengen: Treuen 47,3 l\/m\u00b2, Falkenstein-Sch\u00f6nau 13,2 l\/m\u00b2, Lengenfeld-Abhorn 12,9 l\/m\u00b2. Derzeit bewegt sich die Front Richtung S\u00fcdosten, also in Richtung Tschechien.\n<\/p>\n<p>13:00 Uhr | Aktuelle Infos ab sofort im Newsblog<\/p>\n<p class=\"text\">\n\u00dcber Sachsen ziehen heute aus Westen kommend Unwetter hinweg. Sie haben am Mittag bereits das Vogtland und Westsachsen erreicht. Laut DWD ist Starkregen mit bis zu 40 Liter pro Quadratmeter m\u00f6glich. Hinzu kommen Hagel und Sturmb\u00f6en bis 85 Stundenkilometer. In der kommenden Nacht ist mehrst\u00fcndiger starker Regen m\u00f6glich. Gewitter und Sturmb\u00f6en k\u00f6nnen bis morgen fr\u00fch anhalten. MDR SACHSEN h\u00e4lt Sie im Newsblog auf dem Laufenden.<\/p>\n","protected":false},"excerpt":{"rendered":"15:40 Uhr | Was hat Sachsen noch zu erwarten? Nach einer Ruhepause am Nachmittag ziehen wahrscheinlich am Abend&hellip;\n","protected":false},"author":2,"featured_media":1060235,"comment_status":"","ping_status":"","sticky":false,"template":"","format":"standard","meta":{"footnotes":"","_share_on_mastodon":"0"},"categories":[1851],"tags":[2770,3364,29,548,663,3934,30,13,81,14,15,859,12,4028,1432,174450,7138],"class_list":["post-1060234","post","type-post","status-publish","format-standard","has-post-thumbnail","category-chemnitz","tag-chemnitz","tag-de","tag-deutschland","tag-eu","tag-europa","tag-europe","tag-germany","tag-headlines","tag-mdr","tag-nachrichten","tag-news","tag-sachsen","tag-schlagzeilen","tag-unwetter","tag-vogtland","tag-westsachsen","tag-zwickau"],"share_on_mastodon":{"url":"https:\/\/pubeurope.com\/@de\/116671151290476487","error":""},"_links":{"self":[{"href":"https:\/\/www.europesays.com\/de\/wp-json\/wp\/v2\/posts\/1060234","targetHints":{"allow":["GET"]}}],"collection":[{"href":"https:\/\/www.europesays.com\/de\/wp-json\/wp\/v2\/posts"}],"about":[{"href":"https:\/\/www.europesays.com\/de\/wp-json\/wp\/v2\/types\/post"}],"author":[{"embeddable":true,"href":"https:\/\/www.europesays.com\/de\/wp-json\/wp\/v2\/users\/2"}],"replies":[{"embeddable":true,"href":"https:\/\/www.europesays.com\/de\/wp-json\/wp\/v2\/comments?post=1060234"}],"version-history":[{"count":0,"href":"https:\/\/www.europesays.com\/de\/wp-json\/wp\/v2\/posts\/1060234\/revisions"}],"wp:featuredmedia":[{"embeddable":true,"href":"https:\/\/www.europesays.com\/de\/wp-json\/wp\/v2\/media\/1060235"}],"wp:attachment":[{"href":"https:\/\/www.europesays.com\/de\/wp-json\/wp\/v2\/media?parent=1060234"}],"wp:term":[{"taxonomy":"category","embeddable":true,"href":"https:\/\/www.europesays.com\/de\/wp-json\/wp\/v2\/categories?post=1060234"},{"taxonomy":"post_tag","embeddable":true,"href":"https:\/\/www.europesays.com\/de\/wp-json\/wp\/v2\/tags?post=1060234"}],"curies":[{"name":"wp","href":"https:\/\/api.w.org\/{rel}","templated":true}]}}