{"id":1060255,"date":"2026-05-31T20:59:22","date_gmt":"2026-05-31T20:59:22","guid":{"rendered":"https:\/\/www.europesays.com\/de\/1060255\/"},"modified":"2026-05-31T20:59:22","modified_gmt":"2026-05-31T20:59:22","slug":"arminia-sucht-neuen-trainer-und-hat-diesen-drittliga-coach-ganz-oben-auf-der-liste","status":"publish","type":"post","link":"https:\/\/www.europesays.com\/de\/1060255\/","title":{"rendered":"Arminia sucht neuen Trainer und hat diesen Drittliga-Coach ganz oben auf der Liste"},"content":{"rendered":"<p>Platz sechs in der ersten Drittliga-Saison und Vertrag l\u00e4uft aus<\/p>\n<p>Wie der kicker berichtet, geh\u00f6rt <a href=\"https:\/\/www.fussballdaten.de\/person\/tobias-strobl\/\" target=\"_blank\" rel=\"nofollow noopener\">Strobl<\/a> zum engeren Kandidatenkreis der <a href=\"https:\/\/www.fussballdaten.de\/vereine\/arminia-bielefeld\/\" target=\"_blank\" rel=\"nofollow noopener\">Arminia<\/a>. Der \u00dcbungsleiter hatte<a href=\"https:\/\/www.fussballdaten.de\/vereine\/sc-verl\/\" target=\"_blank\" rel=\"nofollow noopener\"> Verl<\/a> im vergangenen Sommer von der FCA-U23 \u00fcbernommen und den Klub in seiner Premierensaison als Drittliga-Trainer zeitweise auf Rang zwei der Tabelle gef\u00fchrt.<\/p>\n<p class=\"mb20 mt30\">Am Ende reichte es f\u00fcr Platz sechs, was intern als starkes Ergebnis gewertet wurde. In mehr als 300 Seniorenspielen als Cheftrainer sammelte Strobl Erfahrungen bei Schweinfurt 05, der Ingolstadt-Reserve und drei Jahren als U23-Coach in Augsburg. Sein Vertrag beim Sportclub l\u00e4uft am 30. Juni aus, womit er abl\u00f6sefrei zu haben w\u00e4re.<\/p>\n<p class=\"mb20 mt30\">Bereits <a href=\"https:\/\/www.fussballdaten.de\/person\/mitch-kniat\/\" target=\"_blank\" rel=\"nofollow noopener\">Mitch Kniat<\/a>, dessen \u00fcberraschender Abgang die Ostwestfalen k\u00fcrzlich bekanntgaben, war im Sommer 2023 vom SC Verl zur Arminia gewechselt. Strobl w\u00e4re damit der zweite Verl-Coach in Folge, den der DSC vom unmittelbaren Nachbarklub loseist.<\/p>\n<p>Kniat-Abgang \u00f6ffnet T\u00fcr und Bielefeld sucht schnelle L\u00f6sung<\/p>\n<p class=\"mb20 mt30\">Kniats Abschied kam f\u00fcr viele \u00fcberraschend, da der Coach die Arminia in der abgelaufenen Zweitliga-Saison auf einem gesicherten Mittelfeldrang gehalten hatte. Intern soll man sich dennoch auf eine Neuausrichtung verst\u00e4ndigt haben. Strobl gilt dabei als Kandidat, der mit seinem offensiven und intensiven Spielstil gut in das Anforderungsprofil des DSC passen w\u00fcrde.<\/p>\n","protected":false},"excerpt":{"rendered":"Platz sechs in der ersten Drittliga-Saison und Vertrag l\u00e4uft aus Wie der kicker berichtet, geh\u00f6rt Strobl zum engeren&hellip;\n","protected":false},"author":2,"featured_media":1060256,"comment_status":"","ping_status":"","sticky":false,"template":"","format":"standard","meta":{"footnotes":"","_share_on_mastodon":"0"},"categories":[1841],"tags":[26504,1605,299,3364,29,25544,226133,7847,347,137548,30,82900,1209,437,5843],"class_list":["post-1060255","post","type-post","status-publish","format-standard","has-post-thumbnail","category-bielefeld","tag-arminia","tag-bielefeld","tag-bundesliga","tag-de","tag-deutschland","tag-diesen","tag-drittliga-coach","tag-football","tag-fussball","tag-ganz","tag-germany","tag-neuen","tag-nordrhein-westfalen","tag-sucht","tag-trainer"],"share_on_mastodon":{"url":"https:\/\/pubeurope.com\/@de\/116671202417281777","error":""},"_links":{"self":[{"href":"https:\/\/www.europesays.com\/de\/wp-json\/wp\/v2\/posts\/1060255","targetHints":{"allow":["GET"]}}],"collection":[{"href":"https:\/\/www.europesays.com\/de\/wp-json\/wp\/v2\/posts"}],"about":[{"href":"https:\/\/www.europesays.com\/de\/wp-json\/wp\/v2\/types\/post"}],"author":[{"embeddable":true,"href":"https:\/\/www.europesays.com\/de\/wp-json\/wp\/v2\/users\/2"}],"replies":[{"embeddable":true,"href":"https:\/\/www.europesays.com\/de\/wp-json\/wp\/v2\/comments?post=1060255"}],"version-history":[{"count":0,"href":"https:\/\/www.europesays.com\/de\/wp-json\/wp\/v2\/posts\/1060255\/revisions"}],"wp:featuredmedia":[{"embeddable":true,"href":"https:\/\/www.europesays.com\/de\/wp-json\/wp\/v2\/media\/1060256"}],"wp:attachment":[{"href":"https:\/\/www.europesays.com\/de\/wp-json\/wp\/v2\/media?parent=1060255"}],"wp:term":[{"taxonomy":"category","embeddable":true,"href":"https:\/\/www.europesays.com\/de\/wp-json\/wp\/v2\/categories?post=1060255"},{"taxonomy":"post_tag","embeddable":true,"href":"https:\/\/www.europesays.com\/de\/wp-json\/wp\/v2\/tags?post=1060255"}],"curies":[{"name":"wp","href":"https:\/\/api.w.org\/{rel}","templated":true}]}}