{"id":1060259,"date":"2026-05-31T21:01:16","date_gmt":"2026-05-31T21:01:16","guid":{"rendered":"https:\/\/www.europesays.com\/de\/1060259\/"},"modified":"2026-05-31T21:01:16","modified_gmt":"2026-05-31T21:01:16","slug":"sc-sonnborn-oder-breite-burschen-barmen-meisterschaftsentscheidung-ist-vertagt","status":"publish","type":"post","link":"https:\/\/www.europesays.com\/de\/1060259\/","title":{"rendered":"SC Sonnborn oder Breite Burschen Barmen? Meisterschaftsentscheidung ist vertagt"},"content":{"rendered":"<p class=\"text_ohne_einzug richtext text-em-55 !leading-serif mx-6 desktop:mx-0\"><strong class=\"font-bold dark:text-white-solid\">Breite Burschen Barmen &#8211; Cronenberger SC II 1:1 (1:1). <\/strong>Auf dem Sportplatz Rauental gab es am Freitagabend nur lachende Gesichter \u2013 auf der einen Seite feierten die Burschen im letzten Heimspiel der Saison noch einmal kr\u00e4ftig sich selbst und den sensationellen Aufstieg in die Bezirksliga. Auf der anderen Seite durfte sich die CSC-Reserve \u00fcber den zwischenzeitlich kaum noch f\u00fcr m\u00f6glich gehaltenen Klassenerhalt freuen. Weil die Cronenberger einen \u00fcberragenden Endspurt mit sechs Siegen aus den letzten sieben Partien hinlegten, war der Nichtabstieg dennoch folgerichtig. CSC-Trainer Tobias Heinen meinte nach dem abschlie\u00dfenden Saisonspiel seiner Mannschaft: &#8222;Ich bin unglaublich stolz auf die Jungs, die so viel gearbeitet und Energie reingesteckt haben. Nat\u00fcrlich gab es auch R\u00fcckschl\u00e4ge, aber die Jungs haben sich nie aufgegeben.&#8220;<\/p>\n","protected":false},"excerpt":{"rendered":"Breite Burschen Barmen &#8211; Cronenberger SC II 1:1 (1:1). Auf dem Sportplatz Rauental gab es am Freitagabend nur&hellip;\n","protected":false},"author":2,"featured_media":1060260,"comment_status":"","ping_status":"","sticky":false,"template":"","format":"standard","meta":{"footnotes":"","_share_on_mastodon":"0"},"categories":[1840],"tags":[15639,44526,35507,3364,29,30,20282,7739,9428,13762,20567,16852,1209,49576,9387,26242,5725,5843,10084,123862,12483,4418],"class_list":["post-1060259","post","type-post","status-publish","format-standard","has-post-thumbnail","category-wuppertal","tag-15639","tag-burschen","tag-csc","tag-de","tag-deutschland","tag-germany","tag-gruen","tag-kreis","tag-kreisliga","tag-liga","tag-linde-wuppertal","tag-mannschaft","tag-nordrhein-westfalen","tag-rauental-wuppertal","tag-saison","tag-saisonspiel","tag-spiel","tag-trainer","tag-trainerteam","tag-trainerteams","tag-tsv","tag-wuppertal"],"share_on_mastodon":{"url":"https:\/\/pubeurope.com\/@de\/116671210501025183","error":""},"_links":{"self":[{"href":"https:\/\/www.europesays.com\/de\/wp-json\/wp\/v2\/posts\/1060259","targetHints":{"allow":["GET"]}}],"collection":[{"href":"https:\/\/www.europesays.com\/de\/wp-json\/wp\/v2\/posts"}],"about":[{"href":"https:\/\/www.europesays.com\/de\/wp-json\/wp\/v2\/types\/post"}],"author":[{"embeddable":true,"href":"https:\/\/www.europesays.com\/de\/wp-json\/wp\/v2\/users\/2"}],"replies":[{"embeddable":true,"href":"https:\/\/www.europesays.com\/de\/wp-json\/wp\/v2\/comments?post=1060259"}],"version-history":[{"count":0,"href":"https:\/\/www.europesays.com\/de\/wp-json\/wp\/v2\/posts\/1060259\/revisions"}],"wp:featuredmedia":[{"embeddable":true,"href":"https:\/\/www.europesays.com\/de\/wp-json\/wp\/v2\/media\/1060260"}],"wp:attachment":[{"href":"https:\/\/www.europesays.com\/de\/wp-json\/wp\/v2\/media?parent=1060259"}],"wp:term":[{"taxonomy":"category","embeddable":true,"href":"https:\/\/www.europesays.com\/de\/wp-json\/wp\/v2\/categories?post=1060259"},{"taxonomy":"post_tag","embeddable":true,"href":"https:\/\/www.europesays.com\/de\/wp-json\/wp\/v2\/tags?post=1060259"}],"curies":[{"name":"wp","href":"https:\/\/api.w.org\/{rel}","templated":true}]}}