{"id":1060300,"date":"2026-05-31T21:27:26","date_gmt":"2026-05-31T21:27:26","guid":{"rendered":"https:\/\/www.europesays.com\/de\/1060300\/"},"modified":"2026-05-31T21:27:26","modified_gmt":"2026-05-31T21:27:26","slug":"deutsche-leichtathletik-stars-in-form-mehrere-siege-in-dresden","status":"publish","type":"post","link":"https:\/\/www.europesays.com\/de\/1060300\/","title":{"rendered":"Deutsche Leichtathletik-Stars in Form \u2013 mehrere Siege in Dresden"},"content":{"rendered":"<p class=\"richtext text-em-55 !leading-serif mx-6 desktop:mx-0\">Yemisi Mabry riss die Arme in die H\u00f6he, <a href=\"https:\/\/rp-online.de\/thema\/malaika-mihambo\/\" rel=\"nofollow noopener\" target=\"_blank\">Malaika Mihambo<\/a> winkte erleichtert ins Publikum und Bo Kanda Lita Baehre zeigte vor Freude einen R\u00fcckw\u00e4rtssalto. Beim Goldenen Oval in <a href=\"https:\/\/rp-online.de\/thema\/dresden\/\" rel=\"nofollow noopener\" target=\"_blank\">Dresden<\/a> war nicht nur auf die Olympiasiegerinnen Verlass: Die deutschen Leichtathletinnen und Leichtathleten pr\u00e4sentierten sich in ordentlicher Fr\u00fchform und sorgten vor 10.000 Zuschauern im Heinz-Steyer-Stadion f\u00fcr mehrere Siege. Die internationalen Pr\u00fcfsteine stehen aber noch bevor.<\/p>\n<p class=\"richtext text-em-55 !leading-serif mx-6 desktop:mx-0\">Den Auftakt machte Kugelsto\u00dferin Mabry. Die Olympiasiegerin von Paris 2024, die damals noch unter ihrem M\u00e4dchennamen Yemisi Oguleye gestartet war und Ende M\u00e4rz den US-amerikanischen Football-Profi Tyler Mabry geheiratet hatte, setzte sich mit 19,21 Metern durch.<\/p>\n<p class=\"richtext text-em-55 !leading-serif mx-6 desktop:mx-0\">\u201eIch bin einfach bei mir selbst geblieben und wusste, dass ich die 19 Meter sto\u00dfen kann\u201c, sagte die 27-J\u00e4hrige nach ihrem Erfolg. Der Blick ging dabei bereits nach vorne: \u201eMein Ziel ist es immer, bei den H\u00f6hepunkten so weit wie m\u00f6glich zu sto\u00dfen. Ich habe schon mehrfach \u00fcber 20 Meter erreicht. Jetzt geht es darum, im Training die Umstellungen vorzunehmen, die mich in den n\u00e4chsten zwei Jahren weiterbringen \u2013 auch wenn man daf\u00fcr manchmal durch ein Tal gehen muss.\u201c H\u00f6hepunkt der Saison ist die EM im britischen <a href=\"https:\/\/rp-online.de\/thema\/birmingham\/\" rel=\"nofollow noopener\" target=\"_blank\">Birmingham<\/a> (10. bis 16. August).<\/p>\n<p>L\u00fcckenkemper mit starken Zeiten      <\/p>\n<p class=\"richtext text-em-55 !leading-serif mx-6 desktop:mx-0\">Mihambo, Weitsprung-Olympiasiegerin von 2021, hatte dagegen einen schwierigen Start in den Wettkampf. Die ersten drei Versuche waren ung\u00fcltig, mit 6,87 Metern sicherte sich die Athletin der LG Kurpfalz dennoch den Sieg mit Saisonbestleistung. \u201eIch hatte noch keinen Hammersprung, aber es waren solide Spr\u00fcnge\u201c, bilanzierte Mihambo.<\/p>\n<p class=\"richtext text-em-55 !leading-serif mx-6 desktop:mx-0\">\u00dcber 100 Meter \u00fcberzeugte Ex-Europameisterin Gina L\u00fcckenkemper (SCC Berlin). Bereits im Halbfinale lief sie mit 11,29 Sekunden Saisonbestleistung, im Finale steigerte sie sich trotz verhaltenen Starts auf 11,23 Sekunden und wurde Zweite hinter der Kanadierin Sade McCreath (11,06). Sie sei \u201eunfassbar gl\u00fccklich\u201c, sagte L\u00fcckenkemper, da sie \u201eunter der Woche einige gesundheitliche Probleme gehabt\u201c habe.<\/p>\n<p class=\"richtext text-em-55 !leading-serif mx-6 desktop:mx-0\">Stabhochspringer Lita Baehre durfte ebenfalls jubeln. Mit 5,70 Metern stellte der Athlet von D\u00fcsseldorf Athletics seine Saisonbestleistung ein und gewann den Wettbewerb. Der Niederl\u00e4nder Menno Vloon und der T\u00fcrke Ersu Sasma kamen ebenfalls \u00fcber 5,70 Meter, ben\u00f6tigten jedoch mehr Versuche. \u201eEin Sieg ist das Wichtigste\u201c, sagte Lita Baehre, auch wenn er sich \u201enoch etwas mehr H\u00f6he\u201c gew\u00fcnscht h\u00e4tte.<\/p>\n<p class=\"richtext text-em-55 !leading-serif mx-6 desktop:mx-0\">Einen sicheren Tagessieg feierte Hammerwerfer Merlin Hummel, der mit nur einem g\u00fcltigen Versuch auf 76,90 Meter kam. \u00dcber die sehr selten gelaufenen 2000 Meter Hindernis setzte sich Karl Bebendorf in 5:18,29 Minuten durch. Einen D\u00e4mpfer erlebte der deutsche 100-m-Rekordhalter Owen Ansah, der nach einem Fehlstart disqualifiziert wurde.<\/p>\n","protected":false},"excerpt":{"rendered":"Yemisi Mabry riss die Arme in die H\u00f6he, Malaika Mihambo winkte erleichtert ins Publikum und Bo Kanda Lita&hellip;\n","protected":false},"author":2,"featured_media":1060301,"comment_status":"","ping_status":"","sticky":false,"template":"","format":"standard","meta":{"footnotes":"","_share_on_mastodon":"0"},"categories":[1835],"tags":[146782,226140,3364,29,2386,30,132605,7591,226138,226139,20437,20080,38276,859,2708],"class_list":["post-1060300","post","type-post","status-publish","format-standard","has-post-thumbnail","category-dresden","tag-athlet","tag-baehre","tag-de","tag-deutschland","tag-dresden","tag-germany","tag-goldenen","tag-leichtathletik","tag-lueckenkemper","tag-mabry","tag-malaika-mihambo","tag-meter","tag-oval","tag-sachsen","tag-stars"],"share_on_mastodon":{"url":"https:\/\/pubeurope.com\/@de\/116671312453623854","error":""},"_links":{"self":[{"href":"https:\/\/www.europesays.com\/de\/wp-json\/wp\/v2\/posts\/1060300","targetHints":{"allow":["GET"]}}],"collection":[{"href":"https:\/\/www.europesays.com\/de\/wp-json\/wp\/v2\/posts"}],"about":[{"href":"https:\/\/www.europesays.com\/de\/wp-json\/wp\/v2\/types\/post"}],"author":[{"embeddable":true,"href":"https:\/\/www.europesays.com\/de\/wp-json\/wp\/v2\/users\/2"}],"replies":[{"embeddable":true,"href":"https:\/\/www.europesays.com\/de\/wp-json\/wp\/v2\/comments?post=1060300"}],"version-history":[{"count":0,"href":"https:\/\/www.europesays.com\/de\/wp-json\/wp\/v2\/posts\/1060300\/revisions"}],"wp:featuredmedia":[{"embeddable":true,"href":"https:\/\/www.europesays.com\/de\/wp-json\/wp\/v2\/media\/1060301"}],"wp:attachment":[{"href":"https:\/\/www.europesays.com\/de\/wp-json\/wp\/v2\/media?parent=1060300"}],"wp:term":[{"taxonomy":"category","embeddable":true,"href":"https:\/\/www.europesays.com\/de\/wp-json\/wp\/v2\/categories?post=1060300"},{"taxonomy":"post_tag","embeddable":true,"href":"https:\/\/www.europesays.com\/de\/wp-json\/wp\/v2\/tags?post=1060300"}],"curies":[{"name":"wp","href":"https:\/\/api.w.org\/{rel}","templated":true}]}}