{"id":1060364,"date":"2026-05-31T22:03:17","date_gmt":"2026-05-31T22:03:17","guid":{"rendered":"https:\/\/www.europesays.com\/de\/1060364\/"},"modified":"2026-05-31T22:03:17","modified_gmt":"2026-05-31T22:03:17","slug":"collien-fernandes-vertraut-wieder-und-traeumt-von-einer-neuen-liebe-unterhaltung","status":"publish","type":"post","link":"https:\/\/www.europesays.com\/de\/1060364\/","title":{"rendered":"Collien Fernandes vertraut wieder und tr\u00e4umt von einer neuen Liebe | Unterhaltung"},"content":{"rendered":"<p><a class=\"skip-content skip-content--link\" href=\"#in-content-skip-link-target-v-0-0\">TTS-Player \u00fcberspringen\u21b5<\/a><a id=\"in-content-skip-link-target-v-0-0\" class=\"skip-content--target-link-hidden skip-content skip-content--target-link\" href=\"#in-content-skip-link-target-v-0-0\">Artikel weiterlesen<\/a><\/p>\n<p>Palma de Mallorca (Spanien) \u2013 <b>Ihr Herz war voller Liebe. Ihr Leben zuletzt voll Kummer und Leid. 14 Jahre lang war TV-Star Collien Fernandes (44) mit Schauspieler Christian Ulmen (50) verheiratet. Die Ehe endete traumatisch \u2013 und mit schlimmen Vorw\u00fcrfen, die mittlerweile ein Fall f\u00fcr die Staatsanwaltschaft sind. Der Mann, dem sie vertraute, hat tiefe Narben auf ihrer Seele hinterlassen \u2013 trotzdem tr\u00e4umt die Schauspielerin jetzt wieder von einem neuen Partner an ihrer Seite. <\/b><\/p>\n<p>In einem Interview bei \u201eExklusiv Weekend\u201c (RTL) sagt <a href=\"https:\/\/www.bild.de\/unterhaltung\/stars-und-leute\/collien-fernandes-spricht-ueber-albtraeume-auf-dem-traumschiff-schrie-sie-nachts-ulmen-an-6a1bd678650c8e3d7eb0f1dd\" class=\"text-link\" rel=\"nofollow noopener\" target=\"_blank\">Collien Fernandes:<\/a> \u201eGrunds\u00e4tzlich w\u00fcrde ich schon weiterhin mit einem Mann wieder eine Beziehung eingehen wollen. Also ich habe da die Hoffnung noch nicht ganz aufgegeben, dass es da drau\u00dfen auch ordentliche Typen gibt.\u201c<\/p>\n<p><img decoding=\"async\" width=\"992\" height=\"661\" alt=\"Collien Fernandes und Christian Ulmen (50) auf Mallorca. Das Paar hatte bis zu seiner Trennung auf der Balearen-Insel gelebt\" src=\"https:\/\/www.europesays.com\/de\/wp-content\/uploads\/2026\/05\/0237e9f29c950475c7ad01e183d05d4b,1f1a7f7f.jpeg\"   class=\"dynamic\" loading=\"lazy\"\/><\/p>\n<p class=\"fig__caption__text\">Collien Fernandes (44) und Christian Ulmen (50) auf Mallorca. Das Paar hatte bis zu seiner Trennung auf der Balearen-Insel gelebt <\/p>\n<p>Foto: picture alliance\/TSI<\/p>\n<p>Moderatorin Frauke Ludowig (62) fragt die Schauspielerin, wo sie sich in Zukunft sieht: \u201eAlso ich habe mich tats\u00e4chlich gefragt, ob ich nochmal heiraten w\u00fcrde. Keine Ahnung! Aber nat\u00fcrlich in einer gl\u00fccklichen Partnerschaft, wo hoffentlich nicht irgendwie heimlich Dinge passieren, von denen ich nichts wei\u00df, die ich schlimm f\u00e4nde, wenn ich sie w\u00fcsste.\u201c <\/p>\n<p>Collien tr\u00e4umt von einem sch\u00f6nen Familienleben <\/p>\n<p>In jedem Wort f\u00fchlt man ihre Sehnsucht: \u201eEinfach so ein sch\u00f6nes Familienleben, so wie ich es mir eigentlich gew\u00fcnscht habe. Ob jetzt auf Mallorca oder woanders. Also ich versuche jetzt gerade, nicht zu festgefahren zu sein, einfach weil man ja auch nicht so genau wei\u00df, wo die Reise hingeht.\u201c<\/p>\n<p><img decoding=\"async\" width=\"992\" height=\"1488\" alt=\"Die Schauspielerin zeigte sich am Freitag beim Deutschen Filmpreis in Berlin erstmals wieder auf dem roten Teppich\" src=\"https:\/\/www.europesays.com\/de\/wp-content\/uploads\/2026\/05\/132f2bdde6e601ef25940d80e2d7c7a5,461adb87.jpeg\"   class=\"dynamic\" loading=\"lazy\"\/><\/p>\n<p class=\"fig__caption__text\">Die Schauspielerin zeigte sich am Freitag beim Deutschen Filmpreis in Berlin erstmals wieder auf dem roten Teppich <\/p>\n<p>Foto: BrauerPhotos\/J.Harrell<\/p>\n<p>Dann sagt sie nachdenklich: \u201eDas alles so gesellschaftspolitisch seinen Weg geht, dass man das Gef\u00fchl hat: Ich muss jetzt auch diesen Kampf nicht mehr k\u00e4mpfen. Man hat einfach den Zug aufs richtige Gleis gesetzt und der f\u00e4hrt dann von allein weiter und ich kann einfach Eis essen und am Strand liegen mit einem Menschen, der mir guttut.\u201c<\/p>\n<p><img decoding=\"async\" width=\"992\" height=\"661\" alt=\"Zehntausende Menschen bekundeten wie hier in Belrin bei Demos in ganz Deutschland Solidarit\u00e4t mit Collien Fernandes\" src=\"https:\/\/www.europesays.com\/de\/wp-content\/uploads\/2026\/05\/0331b3f5187c64921d77f48118d9f3b1,353667fb.jpeg\"   class=\"dynamic\" loading=\"lazy\"\/><\/p>\n<p class=\"fig__caption__text\">Zehntausende Menschen bekundeten wie hier in Berlin bei Demos in ganz Deutschland Solidarit\u00e4t mit Collien Fernandes <\/p>\n<p>Foto: IMAGO\/dts Nachrichtenagentur<\/p>\n<p><a href=\"https:\/\/www.bild.de\/unterhaltung\/stars-und-leute\/freund-von-christian-ulmen-collien-fernandes-umarmt-fahri-yardim-6a1af9b9411d40cd4c74cc0b\" class=\"text-link\" rel=\"nofollow noopener\" target=\"_blank\">Christian Ulmen<\/a> und Collien Fernandes lebten zuletzt mit der gemeinsamen Tochter (14) auf <a href=\"https:\/\/www.bild.de\/unterhaltung\/mallorca\/mallorca\/thema-mallorca-ballermann-alle-infos-79877106.bild.html\" class=\"text-link\" rel=\"nofollow noopener\" target=\"_blank\">Mallorca<\/a> und gaben im September 2025 \u00fcberraschend das Aus ihrer Ehe bekannt. Die beiden h\u00e4tten sich \u201ebereits vor einiger Zeit getrennt\u201c, hie\u00df es damals in einer gemeinsamen Mitteilung. Nur wegen der Tochter haben sie heute noch Kontakt. <\/p>\n<p>Mehr zum Thema<\/p>\n<p>Mittlerweile kann sie M\u00e4nnern wieder vertrauen. Collien: \u201eDas geht irgendwie. Also ich bin auch echt erstaunt. Dass ich es doch wieder schaffe, so zu vertrauen. Sodass man denkt: Ich gucke erst mal ein bisschen genauer hin. Bei mir ist es auch nicht so, dass ich mich schnell fallen lasse, sondern ich pr\u00fcfe schon etwas genauer, aber ich merke schon, dass ich wieder in der Lage bin, zu vertrauen.\u201c <\/p>\n<p>Die Schauspielerin datet wieder <\/p>\n<p>Wie l\u00e4uft das Daten? Sie: \u201eEs funktioniert viel besser, jetzt. Und es ist auch viel leichter, wenn die M\u00e4nner um die Geschichte wissen.\u201c<\/p>\n<p><b>Der Fall Fernandes\/Ulmen <\/b><\/p>\n<p>Fernandes wirft ihrem Ex-Mann massive digitale \u00dcbergriffe vor. Es geht um Fake-Accounts, sexuelle Chats mit fremden M\u00e4nnern und pornografische Darstellungen, die unter ihrem Namen verbreitet worden sein sollen. Auch von \u201edigitaler Vergewaltigung\u201c ist die Rede. Gegen Ulmen laufen aktuell Ermittlungen. Ulmens Anwalt weist zentrale Punkte zur\u00fcck. Vor allem der Verdacht, sein Mandant habe Deepfake-Pornos erstellt oder verbreitet, sei falsch. Es gilt die Unschuldsvermutung.<\/p>\n","protected":false},"excerpt":{"rendered":"TTS-Player \u00fcberspringen\u21b5Artikel weiterlesen Palma de Mallorca (Spanien) \u2013 Ihr Herz war voller Liebe. Ihr Leben zuletzt voll Kummer&hellip;\n","protected":false},"author":2,"featured_media":1060365,"comment_status":"","ping_status":"","sticky":false,"template":"","format":"standard","meta":{"footnotes":"","_share_on_mastodon":"0"},"categories":[155],"tags":[296,22581,29,214,30,692,6957,8321,127824,474,3678,640,1997,138370,105921,105920,215],"class_list":["post-1060364","post","type-post","status-publish","format-standard","has-post-thumbnail","category-unterhaltung","tag-berlin","tag-das-traumschiff","tag-deutschland","tag-entertainment","tag-germany","tag-hamburg","tag-hamburg-regional-leute","tag-liebe","tag-ludowig-frauke","tag-mallorca","tag-partner","tag-rtl","tag-staatsanwaltschaft","tag-team-first","tag-ulmen-christian","tag-ulmen-fernandes-collien","tag-unterhaltung"],"share_on_mastodon":{"url":"https:\/\/pubeurope.com\/@de\/116671454315867682","error":""},"_links":{"self":[{"href":"https:\/\/www.europesays.com\/de\/wp-json\/wp\/v2\/posts\/1060364","targetHints":{"allow":["GET"]}}],"collection":[{"href":"https:\/\/www.europesays.com\/de\/wp-json\/wp\/v2\/posts"}],"about":[{"href":"https:\/\/www.europesays.com\/de\/wp-json\/wp\/v2\/types\/post"}],"author":[{"embeddable":true,"href":"https:\/\/www.europesays.com\/de\/wp-json\/wp\/v2\/users\/2"}],"replies":[{"embeddable":true,"href":"https:\/\/www.europesays.com\/de\/wp-json\/wp\/v2\/comments?post=1060364"}],"version-history":[{"count":0,"href":"https:\/\/www.europesays.com\/de\/wp-json\/wp\/v2\/posts\/1060364\/revisions"}],"wp:featuredmedia":[{"embeddable":true,"href":"https:\/\/www.europesays.com\/de\/wp-json\/wp\/v2\/media\/1060365"}],"wp:attachment":[{"href":"https:\/\/www.europesays.com\/de\/wp-json\/wp\/v2\/media?parent=1060364"}],"wp:term":[{"taxonomy":"category","embeddable":true,"href":"https:\/\/www.europesays.com\/de\/wp-json\/wp\/v2\/categories?post=1060364"},{"taxonomy":"post_tag","embeddable":true,"href":"https:\/\/www.europesays.com\/de\/wp-json\/wp\/v2\/tags?post=1060364"}],"curies":[{"name":"wp","href":"https:\/\/api.w.org\/{rel}","templated":true}]}}