{"id":1060488,"date":"2026-05-31T23:19:45","date_gmt":"2026-05-31T23:19:45","guid":{"rendered":"https:\/\/www.europesays.com\/de\/1060488\/"},"modified":"2026-05-31T23:19:45","modified_gmt":"2026-05-31T23:19:45","slug":"berlin-grossrazzia-nach-strom-anschlag-in-berlin","status":"publish","type":"post","link":"https:\/\/www.europesays.com\/de\/1060488\/","title":{"rendered":"Berlin: Gro\u00dfrazzia nach Strom-Anschlag in Berlin"},"content":{"rendered":"<p>Polizei st\u00fcrmt Anarchisten-Treffs <\/p>\n<p>Gro\u00dfrazzia nach Stromanschlag in Berlin<\/p>\n<p>Aktualisiert am 24.03.2026Lesedauer: 2 Min.<\/p>\n<p><a href=\"#focus-0\" class=\"transition-colors duration-200 block text-current relative\" data-sctrack=\"FocusGalleryImage.Reference\"><img fetchpriority=\"high\" data-testid=\"Opener.Image\"   loading=\"eager\" src=\"https:\/\/www.europesays.com\/de\/wp-content\/uploads\/2026\/05\/polizisten-im-einsatz-an-mehreren-orten-kamen-die-beamten-gleichzeitig-zu-razzien.jpg\" alt=\"Polizisten im Einsatz: An mehreren Orten kamen die Beamten gleichzeitig zu Razzien.\" title=\"Polizisten im Einsatz: An mehreren Orten kamen die Beamten gleichzeitig zu Razzien.\" width=\"1320\" height=\"743\" class=\"bg-[url:var(--lqipURL)] bg-cover bg-center flex h-full w-full max-w-full\" style=\"--lqipURL:url('https:\/\/images.t-online.de\/2026\/03\/2d8bjY3fMNGk\/387x459:1320x743\/fit-in\/150x0\/filters:blur(25)\/polizisten-im-einsatz-an-mehreren-orten-kamen-die-beamten-gleichzeitig-zu-razzien.jpg')\" decoding=\"async\"\/><img loading=\"lazy\" src=\"https:\/\/www.t-online.de\/s\/paper\/_next\/static\/media\/zoom-in.f7dae02f.svg\" alt=\"Vergr\u00f6\u00dfern des Bildes\" title=\"Vergr\u00f6\u00dfern des Bildes\" class=\"block h-[calc(var(--height)_\/_16_*_1rem)] w-[calc(var(--width)_\/_16_*_1rem)] max-w-none absolute bottom-8 right-8 rounded-4 bg-snow p-8\" style=\"--width:32;--height:32\" decoding=\"async\"\/><\/a><\/p>\n<p>Polizisten im Einsatz: An mehreren Orten kamen die Beamten gleichzeitig zu Razzien. (Quelle: Sven K\u00e4uler\/dpa)<\/p>\n<p><img loading=\"lazy\" src=\"https:\/\/www.t-online.de\/s\/paper\/_next\/static\/media\/audio-volume.6689034c.svg\" alt=\"\" title=\"\" class=\"block h-[calc(var(--height)_\/_16_*_1rem)] w-[calc(var(--width)_\/_16_*_1rem)] max-w-none group-hover:brightness-0 group-hover:invert\" style=\"--width:16;--height:16\" decoding=\"async\"\/>Vorlesen<\/p>\n<p>Aktuelle Zeit:0:00Gesamtdauer:0:00<\/p>\n<p>1x<\/p>\n<p class=\"text-center\">Jetzt neu bei t-online:<\/p>\n<p class=\"text-center\">Schriftgr\u00f6\u00dfe anpassen!<\/p>\n<p><img loading=\"lazy\" src=\"https:\/\/www.t-online.de\/s\/paper\/_next\/static\/media\/font-sizes.32942e33.svg\" alt=\"\" title=\"\" class=\"block h-[calc(var(--height)_\/_16_*_1rem)] w-[calc(var(--width)_\/_16_*_1rem)] max-w-none group-hover:hidden group-aria-expanded:hidden\" style=\"--width:16;--height:16\" decoding=\"async\"\/><img loading=\"lazy\" src=\"https:\/\/www.t-online.de\/s\/paper\/_next\/static\/media\/font-sizes-dark-mode.e382645c.svg\" alt=\"\" title=\"\" class=\"block h-[calc(var(--height)_\/_16_*_1rem)] w-[calc(var(--width)_\/_16_*_1rem)] max-w-none hidden group-hover:block group-aria-expanded:block\" style=\"--width:16;--height:16\" decoding=\"async\"\/><img loading=\"lazy\" src=\"https:\/\/www.t-online.de\/s\/paper\/_next\/static\/media\/sharing-menu-icon.1eb71368.svg\" alt=\"\" title=\"\" class=\"block h-[calc(var(--height)_\/_16_*_1rem)] w-[calc(var(--width)_\/_16_*_1rem)] max-w-none group-hover:brightness-0 group-hover:invert\" style=\"--width:16;--height:16\" decoding=\"async\"\/>Artikel teilen<\/p>\n<p class=\"font-bold text-18 leading-17 user-text-lg:text-22 user-text-xl:text-24\">Hunderte Polizisten sind in Berlin im Einsatz. Das Ziel sind mutma\u00dfliche Drahtzieher eines Anschlags auf das Stromnetz der Hauptstadt.<\/p>\n<p class=\"text-18 leading-17 user-text-lg:text-22 user-text-xl:text-24\">In <a class=\"transition-colors duration-200 cursor-pointer text-inherit no-underline text-salemsfur md:hover:text-magenta md:hover:border-magenta md:focus:text-magenta border-current border-b border-solid break-words\" data-tracking=\"{&quot;action&quot;:&quot;click&quot;,&quot;category&quot;:&quot;intextLink&quot;,&quot;label&quot;:&quot;https:\/\/berlin.t-online.de\/region\/berlin\/&quot;}\" href=\"https:\/\/berlin.t-online.de\/region\/berlin\/\" data-sctrack=\"BodyAnchor\" rel=\"nofollow noopener\" target=\"_blank\">Berlin<\/a> und anderen Bundesl\u00e4ndern sind am Dienstagmorgen Hunderte Beamte zu einer Gro\u00dfrazzia an mehreren Orten ausger\u00fcckt. \u00dcbereinstimmenden Medienberichten zufolge steht eine Gruppe im Visier, die im September 2025 einen Anschlag auf die Strominfrastruktur der Hauptstadt ver\u00fcbt haben soll.<\/p>\n<p class=\"text-18 leading-17 user-text-lg:text-22 user-text-xl:text-24\">Laut der Berliner Zeitung &#8222;B.Z.&#8220; st\u00fcrmten Einsatzkr\u00e4fte unter anderem die &#8222;Anarchistische Bibliothek&#8220; an der Reichenberger Stra\u00dfe in Berlin-Kreuzberg. Insgesamt durchsuchten 17 Polizisten 17 Wohnungen und andere R\u00e4ume in Berlin, <a class=\"transition-colors duration-200 cursor-pointer text-inherit no-underline text-salemsfur md:hover:text-magenta md:hover:border-magenta md:focus:text-magenta border-current border-b border-solid break-words\" data-tracking=\"{&quot;action&quot;:&quot;click&quot;,&quot;category&quot;:&quot;intextLink&quot;,&quot;label&quot;:&quot;https:\/\/hamburg.t-online.de\/region\/hamburg\/&quot;}\" href=\"https:\/\/hamburg.t-online.de\/region\/hamburg\/\" data-sctrack=\"BodyAnchor\" rel=\"nofollow noopener\" target=\"_blank\">Hamburg<\/a>, <a class=\"transition-colors duration-200 cursor-pointer text-inherit no-underline text-salemsfur md:hover:text-magenta md:hover:border-magenta md:focus:text-magenta border-current border-b border-solid break-words\" data-tracking=\"{&quot;action&quot;:&quot;click&quot;,&quot;category&quot;:&quot;intextLink&quot;,&quot;label&quot;:&quot;https:\/\/duesseldorf.t-online.de\/region\/duesseldorf\/&quot;}\" href=\"https:\/\/duesseldorf.t-online.de\/region\/duesseldorf\/\" data-sctrack=\"BodyAnchor\" rel=\"nofollow noopener\" target=\"_blank\">D\u00fcsseldorf<\/a> und <a class=\"transition-colors duration-200 cursor-pointer text-inherit no-underline text-salemsfur md:hover:text-magenta md:hover:border-magenta md:focus:text-magenta border-current border-b border-solid break-words\" data-tracking=\"{&quot;action&quot;:&quot;click&quot;,&quot;category&quot;:&quot;intextLink&quot;,&quot;label&quot;:&quot;\/themen\/kyritz\/&quot;}\" href=\"https:\/\/www.t-online.de\/themen\/kyritz\/\" data-sctrack=\"BodyAnchor\" rel=\"nofollow noopener\" target=\"_blank\">Kyritz<\/a> in Brandenburg, wie die Generalstaatsanwaltschaft Berlin mitteilte.<\/p>\n<ul class=\"text-18 leading-17 block pl-24 *:pb-16 *:before:inline-block *:before:size-8 *:before:bg-magenta *:before:-ml-[20px] *:before:mb-2 *:before:mr-12 *:before:mt-0\">\n<li><strong class=\"font-bold\">Wettersturz in Deutschland:<\/strong> <a class=\"transition-colors duration-200 cursor-pointer text-inherit no-underline text-salemsfur md:hover:text-magenta md:hover:border-magenta md:focus:text-magenta border-current border-b border-solid break-words\" data-tracking=\"{&quot;action&quot;:&quot;click&quot;,&quot;category&quot;:&quot;intextLink&quot;,&quot;label&quot;:&quot;\/nachrichten\/panorama\/wetter\/id_101181912\/wetter-in-deutschland-kaeltewelle-bringt-schnee-frost-und-gewitter.html&quot;}\" href=\"https:\/\/www.t-online.de\/nachrichten\/panorama\/wetter\/id_101181912\/wetter-in-deutschland-kaeltewelle-bringt-schnee-frost-und-gewitter.html\" data-sctrack=\"BodyAnchor\" rel=\"nofollow noopener\" target=\"_blank\">K\u00e4ltewelle bringt Schnee, Frost und Gewitter<\/a><\/li>\n<li><strong class=\"font-bold\">Atom-Wrack im Nordmeer:<\/strong> <a class=\"transition-colors duration-200 cursor-pointer text-inherit no-underline text-salemsfur md:hover:text-magenta md:hover:border-magenta md:focus:text-magenta border-current border-b border-solid break-words\" data-tracking=\"{&quot;action&quot;:&quot;click&quot;,&quot;category&quot;:&quot;intextLink&quot;,&quot;label&quot;:&quot;\/nachrichten\/panorama\/wissen\/id_101183376\/radioaktives-u-boot-wrack-der-komsomolez-im-nordmeer-strahlt-immer-noch.html&quot;}\" href=\"https:\/\/www.t-online.de\/nachrichten\/panorama\/wissen\/id_101183376\/radioaktives-u-boot-wrack-der-komsomolez-im-nordmeer-strahlt-immer-noch.html\" data-sctrack=\"BodyAnchor\" rel=\"nofollow noopener\" target=\"_blank\">Versunkenes Sowjet-U-Boot strahlt immer noch<\/a><\/li>\n<\/ul>\n<p class=\"text-18 leading-17 user-text-lg:text-22 user-text-xl:text-24\">Nach Angaben eines Sprechers der Generalstaatsanwaltschaft richtet sich der Einsatz gegen namentlich bekannte Beschuldigte. Vier Personen im Alter von 28, 31, 35 und 36 Jahren wird verfassungsfeindliche Sabotage vorgeworfen. Festgenommen wurden die Verd\u00e4chtigen aber nicht. Haftbefehle k\u00f6nnen nur bei dringendem Tatverdacht und entsprechenden Beweisen erlassen werden.<\/p>\n<p class=\"text-18 leading-17 user-text-lg:text-22 user-text-xl:text-24\">Die Gewerkschaft der Polizei (GdP) berichtete \u00fcber den Einsatz mit Schwerpunkt in Berlin: &#8222;Die Sicherheitsbeh\u00f6rden kennen die Protagonisten des harten Kerns&#8220;, erkl\u00e4rte die GdP. &#8222;Aber nach wie vor ist es unglaublich schwer, ihnen Brandanschl\u00e4ge wie den in Johannisthal oder Zehlendorf nachzuweisen.&#8220; Das Landeskriminalamt (LKA) habe erfolgreich ermittelt, &#8222;um die heutigen Durchsuchungsbeschl\u00fcsse zu erwirken&#8220;.<\/p>\n<p>Anschlag im September: &#8222;Angriff auf milit\u00e4risch-industriellen Komplex&#8220;<\/p>\n<p class=\"text-18 leading-17 user-text-lg:text-22 user-text-xl:text-24\"><a class=\"transition-colors duration-200 cursor-pointer text-inherit no-underline text-salemsfur md:hover:text-magenta md:hover:border-magenta md:focus:text-magenta border-current border-b border-solid break-words\" data-tracking=\"{&quot;action&quot;:&quot;click&quot;,&quot;category&quot;:&quot;intextLink&quot;,&quot;label&quot;:&quot;\/nachrichten\/panorama\/kriminalitaet\/id_100907074\/berlin-anschlag-auf-strommast-stromausfall-wohl-erst-donnerstag-behoben.html&quot;}\" href=\"https:\/\/www.t-online.de\/nachrichten\/panorama\/kriminalitaet\/id_100907074\/berlin-anschlag-auf-strommast-stromausfall-wohl-erst-donnerstag-behoben.html\" data-sctrack=\"BodyAnchor\" rel=\"nofollow noopener\" target=\"_blank\">Im September 2025 hatte ein Feuer mehrere Starkstromleitungen am Fu\u00df von zwei Strommasten in Berlin-Johannisthal zerst\u00f6rt<\/a>, woraufhin f\u00fcr rund 60 Stunden der Strom ausfiel. Betroffen waren rund 45.000 Haushalte und Firmen.<\/p>\n<p><a href=\"#focus-1\" class=\"transition-colors duration-200 block text-current relative\" data-sctrack=\"FocusGalleryImage.Reference\"><img   loading=\"lazy\" src=\"https:\/\/www.europesays.com\/de\/wp-content\/uploads\/2026\/05\/der-teilweise-beschaedigte-strommast-im-berliner-suedosten.jpg\" alt=\"Der teilweise besch\u00e4digte Strommast im Berliner S\u00fcdosten.\" title=\"Der teilweise besch\u00e4digte Strommast im Berliner S\u00fcdosten.\" width=\"2048\" height=\"1152\" class=\"h-full w-full max-w-full rounded-8\" decoding=\"async\"\/><img loading=\"lazy\" src=\"https:\/\/www.t-online.de\/s\/paper\/_next\/static\/media\/zoom-in.f7dae02f.svg\" alt=\"Vergr\u00f6\u00dfern des Bildes\" title=\"Vergr\u00f6\u00dfern des Bildes\" class=\"block h-[calc(var(--height)_\/_16_*_1rem)] w-[calc(var(--width)_\/_16_*_1rem)] max-w-none absolute bottom-8 right-8 rounded-4 bg-snow p-8\" style=\"--width:32;--height:32\" decoding=\"async\"\/>Ein teilweise besch\u00e4digter Strommast im Berliner S\u00fcdosten. (Quelle: Jens Kalaene\/dpa)<\/a><\/p>\n","protected":false},"excerpt":{"rendered":"Polizei st\u00fcrmt Anarchisten-Treffs Gro\u00dfrazzia nach Stromanschlag in Berlin Aktualisiert am 24.03.2026Lesedauer: 2 Min. Polizisten im Einsatz: An mehreren&hellip;\n","protected":false},"author":2,"featured_media":1060489,"comment_status":"","ping_status":"","sticky":false,"template":"","format":"standard","meta":{"footnotes":"","_share_on_mastodon":"0"},"categories":[1825],"tags":[1434,10194,1941,1939,296,7150,1937,22535,1890,29,3405,30,28423,692,37269,226166,3824,1940,1938,121,157202,226165,11734],"class_list":["post-1060488","post","type-post","status-publish","format-standard","has-post-thumbnail","category-berlin","tag-1434","tag-adlershof","tag-aktuelle-nachrichten-aus-berlin","tag-aktuelle-news-aus-berlin","tag-berlin","tag-berlin-kreuzberg","tag-berlin-news","tag-berliner-zeitung","tag-brandenburg","tag-deutschland","tag-duesseldorf","tag-germany","tag-grossrazzia","tag-hamburg","tag-kaeltewelle","tag-kyritz","tag-lka","tag-nachrichten-aus-berlin","tag-news-aus-berlin","tag-polizei","tag-reichenberger-strasse","tag-stromanschlag","tag-stromnetz"],"share_on_mastodon":{"url":"https:\/\/pubeurope.com\/@de\/116671753608393376","error":""},"_links":{"self":[{"href":"https:\/\/www.europesays.com\/de\/wp-json\/wp\/v2\/posts\/1060488","targetHints":{"allow":["GET"]}}],"collection":[{"href":"https:\/\/www.europesays.com\/de\/wp-json\/wp\/v2\/posts"}],"about":[{"href":"https:\/\/www.europesays.com\/de\/wp-json\/wp\/v2\/types\/post"}],"author":[{"embeddable":true,"href":"https:\/\/www.europesays.com\/de\/wp-json\/wp\/v2\/users\/2"}],"replies":[{"embeddable":true,"href":"https:\/\/www.europesays.com\/de\/wp-json\/wp\/v2\/comments?post=1060488"}],"version-history":[{"count":0,"href":"https:\/\/www.europesays.com\/de\/wp-json\/wp\/v2\/posts\/1060488\/revisions"}],"wp:featuredmedia":[{"embeddable":true,"href":"https:\/\/www.europesays.com\/de\/wp-json\/wp\/v2\/media\/1060489"}],"wp:attachment":[{"href":"https:\/\/www.europesays.com\/de\/wp-json\/wp\/v2\/media?parent=1060488"}],"wp:term":[{"taxonomy":"category","embeddable":true,"href":"https:\/\/www.europesays.com\/de\/wp-json\/wp\/v2\/categories?post=1060488"},{"taxonomy":"post_tag","embeddable":true,"href":"https:\/\/www.europesays.com\/de\/wp-json\/wp\/v2\/tags?post=1060488"}],"curies":[{"name":"wp","href":"https:\/\/api.w.org\/{rel}","templated":true}]}}