{"id":1060589,"date":"2026-06-01T00:22:59","date_gmt":"2026-06-01T00:22:59","guid":{"rendered":"https:\/\/www.europesays.com\/de\/1060589\/"},"modified":"2026-06-01T00:22:59","modified_gmt":"2026-06-01T00:22:59","slug":"laatzen-60-jaehriger-mit-softair-waffe-loest-sek-einsatz-aus","status":"publish","type":"post","link":"https:\/\/www.europesays.com\/de\/1060589\/","title":{"rendered":"Laatzen: 60-J\u00e4hriger mit Softair-Waffe l\u00f6st SEK-Einsatz aus"},"content":{"rendered":"<p>\n                Stand: 29.05.2026 07:41 Uhr<\/p>\n<p>                    <a href=\"https:\/\/www.europesays.com\/de\/wp-content\/uploads\/2026\/06\/sek448.webp\" class=\"zoomimage\" title=\"Bild vergr\u00f6\u00dfern\"><\/p>\n<p>        <img decoding=\"async\" src=\"https:\/\/www.europesays.com\/de\/wp-content\/uploads\/2026\/06\/sek448.webp\" alt=\"Drei Einsatzkr\u00e4fte des Spezialeinsatzkommandos stehen mit aufgerichtetem Maschinengewehr hintereinander.\" title=\"Das SEK r\u00fcckte an, weil zun\u00e4chst unklar war, um was f\u00fcr eine Waffe es sich handelte. (Themenbild) | NDR, Julius Matuschik\" class=\"responsive\" loading=\"lazy\"\/><\/p>\n<p>                    <\/a><\/p>\n<p>                    Das SEK r\u00fcckte an, weil zun\u00e4chst unklar war, um was f\u00fcr eine Waffe es sich handelte. (Themenbild)<\/p>\n<p class=\"\">In Laatzen (Region Hannover) hat am Donnerstag ein vermeintlich bewaffneter Mann einen SEK-Einsatz ausgel\u00f6st. Nach Angaben der Polizei hatte sich ein Zeuge bei den Beamten gemeldet: Er habe beobachtet, dass ein Mann mit einer Waffe ein Wohnhaus betreten habe. Weil unklar gewesen sei, um was f\u00fcr eine Waffe es sich handelte, sei ein Spezialeinsatzkommando (SEK) anger\u00fcckt, so die Polizei. Die Einsatzkr\u00e4fte drangen in die Wohnung des Mannes ein und nahmen ihn vorl\u00e4ufig fest. In der Wohnung des 60-J\u00e4hrigen fanden sie eine Softair-Waffe. Der Mann habe nicht versucht, sie einzusetzen, hie\u00df es. Er sei zudem betrunken gewesen. Verletzt wurde niemand. Die Polizei ermittelt. Zuerst hatte die &#8222;<a href=\"https:\/\/www.ndr.de\/nachrichten\/niedersachsen\/hannover_weser-leinegebiet\/textlink-318684~splash.html\" title=\"Link zur &quot;Hannoverschen Allgemeinen Zeitung&quot;\" data-url=\"https:\/\/www.haz.de\/lokales\/umland\/laatzen\/betrunkener-mann-mit-softair-waffe-loest-sek-einsatz-in-laatzen-mitte-aus-3DVUROYDLZAW7FNBQQ2RYE6FOM.html\" class=\"extlink-preface\" data-type=\"external\" rel=\"nofollow noopener\" target=\"_blank\">Hannoversche Allgemeine Zeitung<\/a>&#8220; berichtet.<\/p>\n<p>        <img decoding=\"async\" src=\"https:\/\/www.europesays.com\/de\/wp-content\/uploads\/2026\/06\/hoerspiel1416.webp\" alt=\"Eine Hand h\u00e4lt eine Pistole.\" title=\"Eine Hand h\u00e4lt eine Pistole. | Photocase, sol-b\" class=\"responsive\" loading=\"lazy\"\/><\/p>\n<p>Ein Zeuge hatte einen Mann in der Innenstadt beobachtet, der mit der Waffe hantierte. Die Polizei warnt. <\/p>\n<p>        <img decoding=\"async\" src=\"https:\/\/www.europesays.com\/de\/wp-content\/uploads\/2026\/06\/bundespolizei658.webp\" alt=\"Zwei Einsatzkr\u00e4fte der Bundespolizei laufen durch den Hauptbahnhof in Hannover.\" title=\"Zwei Einsatzkr\u00e4fte der Bundespolizei laufen durch den Hauptbahnhof in Hannover. | NDR, Julius Matuschik\" class=\"responsive\" loading=\"lazy\"\/><\/p>\n<p>Fahrg\u00e4ste hatten den 21-J\u00e4hrigen beobachtet und das Personal informiert. Der ICE hielt daraufhin au\u00dferplanm\u00e4\u00dfig in Uelzen.<\/p>\n<p>        <img decoding=\"async\" src=\"https:\/\/www.europesays.com\/de\/wp-content\/uploads\/2026\/05\/polizei7174.webp\" alt=\"Blaulicht an Polizeifahrzeug. \" title=\"Blaulicht an Polizeifahrzeug.  | NDR, Julius Matuschik\" class=\"responsive\" loading=\"lazy\"\/><\/p>\n<p>Zeugen hatten den Mann vor einer Grundschule beobachtet und die Polizei gerufen. Die Beamten ermitteln gegen den Mann.<\/p>\n<p>        <img decoding=\"async\" src=\"https:\/\/www.europesays.com\/de\/wp-content\/uploads\/2026\/05\/polizei5424.webp\" alt=\"Auf dem Jacken\u00e4rmel einer blauen Polizeiuniform ist das nieders\u00e4chsische Wappen aufgen\u00e4ht.\" title=\"Auf dem Jacken\u00e4rmel einer blauen Polizeiuniform ist das nieders\u00e4chsische Wappen aufgen\u00e4ht. | NDR, Julius Matuschik\" class=\"responsive\" loading=\"lazy\"\/><\/p>\n<p>Der 14-J\u00e4hrige hatte mit einer Spielzeugwaffe einen Gro\u00dfeinsatz in Osnabr\u00fcck ausgel\u00f6st. Er muss nun 10.000 Euro zahlen.<\/p>\n<p>Dieses Thema im Programm:<\/p>\n<p>                NDR 1 Niedersachsen | Regional Hannover | 29.05.2026 | 06:30 Uhr<\/p>\n","protected":false},"excerpt":{"rendered":"Stand: 29.05.2026 07:41 Uhr Das SEK r\u00fcckte an, weil zun\u00e4chst unklar war, um was f\u00fcr eine Waffe es&hellip;\n","protected":false},"author":2,"featured_media":1060590,"comment_status":"","ping_status":"","sticky":false,"template":"","format":"standard","meta":{"footnotes":"","_share_on_mastodon":"0"},"categories":[1836],"tags":[590,5518,3364,29,30,46,37071,14,15,1411,2466,44870,226184,160363,16007],"class_list":["post-1060589","post","type-post","status-publish","format-standard","has-post-thumbnail","category-hannover","tag-aktuell","tag-betrunken","tag-de","tag-deutschland","tag-germany","tag-hannover","tag-laatzen","tag-nachrichten","tag-news","tag-niedersachsen","tag-schusswaffe","tag-sek-einsatz","tag-softair-waffe","tag-spielzeugwaffe","tag-wohnhaus"],"share_on_mastodon":{"url":"https:\/\/pubeurope.com\/@de\/116672005992025387","error":""},"_links":{"self":[{"href":"https:\/\/www.europesays.com\/de\/wp-json\/wp\/v2\/posts\/1060589","targetHints":{"allow":["GET"]}}],"collection":[{"href":"https:\/\/www.europesays.com\/de\/wp-json\/wp\/v2\/posts"}],"about":[{"href":"https:\/\/www.europesays.com\/de\/wp-json\/wp\/v2\/types\/post"}],"author":[{"embeddable":true,"href":"https:\/\/www.europesays.com\/de\/wp-json\/wp\/v2\/users\/2"}],"replies":[{"embeddable":true,"href":"https:\/\/www.europesays.com\/de\/wp-json\/wp\/v2\/comments?post=1060589"}],"version-history":[{"count":0,"href":"https:\/\/www.europesays.com\/de\/wp-json\/wp\/v2\/posts\/1060589\/revisions"}],"wp:featuredmedia":[{"embeddable":true,"href":"https:\/\/www.europesays.com\/de\/wp-json\/wp\/v2\/media\/1060590"}],"wp:attachment":[{"href":"https:\/\/www.europesays.com\/de\/wp-json\/wp\/v2\/media?parent=1060589"}],"wp:term":[{"taxonomy":"category","embeddable":true,"href":"https:\/\/www.europesays.com\/de\/wp-json\/wp\/v2\/categories?post=1060589"},{"taxonomy":"post_tag","embeddable":true,"href":"https:\/\/www.europesays.com\/de\/wp-json\/wp\/v2\/tags?post=1060589"}],"curies":[{"name":"wp","href":"https:\/\/api.w.org\/{rel}","templated":true}]}}