{"id":1060606,"date":"2026-06-01T00:36:22","date_gmt":"2026-06-01T00:36:22","guid":{"rendered":"https:\/\/www.europesays.com\/de\/1060606\/"},"modified":"2026-06-01T00:36:22","modified_gmt":"2026-06-01T00:36:22","slug":"das-match-zwischen-dem-tus-ennepetal-und-dem-asc-09-dortmund-endet-unentschieden","status":"publish","type":"post","link":"https:\/\/www.europesays.com\/de\/1060606\/","title":{"rendered":"Das Match zwischen dem TuS Ennepetal und dem ASC 09 Dortmund endet unentschieden"},"content":{"rendered":"<p>                                Spielinfos:<br \/>\nDatum &amp; Uhrzeit: 31.05.2026 15.00 Uhr<br \/>Austragungsort: Ennepetal<br \/>Wettbewerb: Oberliga Westfalen<br \/>Spieltag: 38<\/p>\n<p>Spielbericht: TuS Ennepetal gegen ASC 09 Dortmund 1:1 (0:0)<\/p>\n<p id=\"absatz2\" class=\"em_text\">Ennepetal. Mit einem Unentschieden endet das Match TuS Ennepetal gegen ASC 09 Dortmund am Sonntag. 600 Fu\u00dfballbegeisterte sind im Ennepetaler Bremenstadion RP live dabei, um das Aufeinandertreffen zu verfolgen.<\/p>\n<p id=\"absatz3\" class=\"em_text\">In der ersten Halbzeit kommt niemand so richtig zum Zug, sodass die Kontrahenten ohne Tore in die zweite Spielh\u00e4lfte starten. Die G\u00e4ste aus Dortmund k\u00f6nnen zum Ende der Partie schlie\u00dflich die F\u00fchrung \u00fcbernehmen. Dank Dan Tshibaka Tshimanga liegt das Team in der 76. Spielminute endlich vorne.<\/p>\n<p id=\"absatz4\" class=\"em_text\">In den letzten Minuten versuchen die Ennepetaler durch Spielerwechsel nochmal frische Energie auf den Platz zu bringen. Arda Nebi ersetzt Mehmet Serif Dalyanoglu.<\/p>\n<p id=\"absatz5\" class=\"em_text\">Direkt im Anschluss kickt Robin Gallus den Ball mit einem Strafsto\u00df mit Erfolg hinter die gegnerische Linie und meistert den Ausgleichstreffer f\u00fcr das Ennepetaler Team (80).<\/p>\n<p>Die Aufstellungen: TuS Ennepetal &#8211; ASC 09 Dortmund<br \/>\nTuS Ennepetal: Francesco Santacroce Di Gregorio (18), Maxwell Bimpeh (2), Joel Westheide (23), Kevin Hagemann (9), Sebastian L\u00f6tters (21), Mehmet Serif Dalyanoglu (35), Duje Goles (10), Robin Gallus (19), Okan Keskin (20), David Vaitkevicius (11), Marvin Weusthoff (1)<br \/>ASC 09 Dortmund: Maximilian Podehl (13), Elias Boadi Opoku (11), Lewin Alexander D Hone (17), Lucius Marcus Patrias (22), Justus Zimmermann (6), Mats Wilkesmann (4), Jan Stuhldreier (7), Lars Warschewski (10), Jannik Urban (8), Robert Hilsmann (2), Joel Nickel (1)<br \/>Schiedsrichter: Jonas Fischbach<\/p>\n<p id=\"absatz6\" class=\"em_text\">Assistent: Kilian Lemmer<\/p>\n<p id=\"absatz7\" class=\"em_text\">Assistent: Irvin Abdurahmanovic<\/p>\n<p id=\"absatz8\" class=\"em_text\" style=\"font-size: .8em;\">Die Inhalte dieses Berichts wurden automatisch auf der Basis von DFB-Daten zusammengestellt.<\/p>\n","protected":false},"excerpt":{"rendered":"Spielinfos: Datum &amp; Uhrzeit: 31.05.2026 15.00 UhrAustragungsort: EnnepetalWettbewerb: Oberliga WestfalenSpieltag: 38 Spielbericht: TuS Ennepetal gegen ASC 09 Dortmund&hellip;\n","protected":false},"author":2,"featured_media":1060607,"comment_status":"","ping_status":"","sticky":false,"template":"","format":"standard","meta":{"footnotes":"","_share_on_mastodon":"0"},"categories":[1833],"tags":[3364,29,217,40654,347,30,734,7774,1613,1209,12006,226194,17712,7773,7765,8404],"class_list":["post-1060606","post","type-post","status-publish","format-standard","has-post-thumbnail","category-dortmund","tag-de","tag-deutschland","tag-dortmund","tag-ennepetal","tag-fussball","tag-germany","tag-meta_artikelklasse_nachricht","tag-meta_themen_sport","tag-meta_userneeds_informieremich","tag-nordrhein-westfalen","tag-oberliga","tag-robin-gallus","tag-serie_ligaid_210198","tag-serie_ligaid_all","tag-spielinfo","tag-westfalen"],"share_on_mastodon":{"url":"https:\/\/pubeurope.com\/@de\/116672055785538471","error":""},"_links":{"self":[{"href":"https:\/\/www.europesays.com\/de\/wp-json\/wp\/v2\/posts\/1060606","targetHints":{"allow":["GET"]}}],"collection":[{"href":"https:\/\/www.europesays.com\/de\/wp-json\/wp\/v2\/posts"}],"about":[{"href":"https:\/\/www.europesays.com\/de\/wp-json\/wp\/v2\/types\/post"}],"author":[{"embeddable":true,"href":"https:\/\/www.europesays.com\/de\/wp-json\/wp\/v2\/users\/2"}],"replies":[{"embeddable":true,"href":"https:\/\/www.europesays.com\/de\/wp-json\/wp\/v2\/comments?post=1060606"}],"version-history":[{"count":0,"href":"https:\/\/www.europesays.com\/de\/wp-json\/wp\/v2\/posts\/1060606\/revisions"}],"wp:featuredmedia":[{"embeddable":true,"href":"https:\/\/www.europesays.com\/de\/wp-json\/wp\/v2\/media\/1060607"}],"wp:attachment":[{"href":"https:\/\/www.europesays.com\/de\/wp-json\/wp\/v2\/media?parent=1060606"}],"wp:term":[{"taxonomy":"category","embeddable":true,"href":"https:\/\/www.europesays.com\/de\/wp-json\/wp\/v2\/categories?post=1060606"},{"taxonomy":"post_tag","embeddable":true,"href":"https:\/\/www.europesays.com\/de\/wp-json\/wp\/v2\/tags?post=1060606"}],"curies":[{"name":"wp","href":"https:\/\/api.w.org\/{rel}","templated":true}]}}