{"id":1060615,"date":"2026-06-01T00:41:18","date_gmt":"2026-06-01T00:41:18","guid":{"rendered":"https:\/\/www.europesays.com\/de\/1060615\/"},"modified":"2026-06-01T00:41:18","modified_gmt":"2026-06-01T00:41:18","slug":"fernsehquiz-deutschlands-beste-klasse-kommt-aus-stuttgart","status":"publish","type":"post","link":"https:\/\/www.europesays.com\/de\/1060615\/","title":{"rendered":"Fernsehquiz: Deutschlands \u201ebeste Klasse\u201c kommt aus Stuttgart"},"content":{"rendered":"<p>Die 7c des Stuttgarter <a href=\"https:\/\/www.stuttgarter-zeitung.de\/inhalt.kika-sendung-sind-sie-die-beste-klasse-deutschlands-stuttgarter-schueler-im-finale.01e132b4-1262-493c-b87b-d3ccc7ccaf0b.html\" target=\"_blank\" rel=\"nofollow noopener\">K\u00f6nigin-Katharina-Stift-Gymnasiums<\/a> darf sich \u00fcber den Titel \u201eDie beste Klasse Deutschlands\u201c freuen. In dem gleichnamigen Quiz-Format des Kinderkanals von ARD und ZDF, f\u00fcr dessen Finale sich die Klasse in mehreren Runden qualifiziert hatte, setzte sie sich gegen drei andere Klassen aus Nordrhein-Westfalen, Bayern und Th\u00fcringen durch. Die 13-j\u00e4hrigen M\u00e4dchen Ruiqi und Mathilda nahmen dabei die Rolle von sogenannten \u201eErste-Reihe-Kids\u201c ein. W\u00e4hrend sie vorne Fragen beantworteten, sa\u00df die Klasse hinter ihnen und unterst\u00fctzte sie.<\/p>\n<p> Das bundesweite Schul-Quiz war zum 23. Mal ausgeschrieben worden; mehr als 300 Bewerbungen von Schulklassen waren eingegangen. In mehreren Runden hatte sich die 7c des K\u00f6nigin-Katharina-Stifts f\u00fcr das am 29. Mai ausgestrahlte \u201eSuperfinale\u201c qualifiziert. <\/p>\n","protected":false},"excerpt":{"rendered":"Die 7c des Stuttgarter K\u00f6nigin-Katharina-Stift-Gymnasiums darf sich \u00fcber den Titel \u201eDie beste Klasse Deutschlands\u201c freuen. In dem gleichnamigen&hellip;\n","protected":false},"author":2,"featured_media":1060616,"comment_status":"","ping_status":"","sticky":false,"template":"","format":"standard","meta":{"footnotes":"","_share_on_mastodon":"0"},"categories":[1830],"tags":[1634,226200,3364,29,441,30,96329,226199,828,1441],"class_list":["post-1060615","post","type-post","status-publish","format-standard","has-post-thumbnail","category-stuttgart","tag-baden-wuerttemberg","tag-beste-klasse-deutschlands","tag-de","tag-deutschland","tag-fernsehen","tag-germany","tag-kinderkanal","tag-koeniging-katharina-stift","tag-preis","tag-stuttgart"],"share_on_mastodon":{"url":"https:\/\/pubeurope.com\/@de\/116672075285033045","error":""},"_links":{"self":[{"href":"https:\/\/www.europesays.com\/de\/wp-json\/wp\/v2\/posts\/1060615","targetHints":{"allow":["GET"]}}],"collection":[{"href":"https:\/\/www.europesays.com\/de\/wp-json\/wp\/v2\/posts"}],"about":[{"href":"https:\/\/www.europesays.com\/de\/wp-json\/wp\/v2\/types\/post"}],"author":[{"embeddable":true,"href":"https:\/\/www.europesays.com\/de\/wp-json\/wp\/v2\/users\/2"}],"replies":[{"embeddable":true,"href":"https:\/\/www.europesays.com\/de\/wp-json\/wp\/v2\/comments?post=1060615"}],"version-history":[{"count":0,"href":"https:\/\/www.europesays.com\/de\/wp-json\/wp\/v2\/posts\/1060615\/revisions"}],"wp:featuredmedia":[{"embeddable":true,"href":"https:\/\/www.europesays.com\/de\/wp-json\/wp\/v2\/media\/1060616"}],"wp:attachment":[{"href":"https:\/\/www.europesays.com\/de\/wp-json\/wp\/v2\/media?parent=1060615"}],"wp:term":[{"taxonomy":"category","embeddable":true,"href":"https:\/\/www.europesays.com\/de\/wp-json\/wp\/v2\/categories?post=1060615"},{"taxonomy":"post_tag","embeddable":true,"href":"https:\/\/www.europesays.com\/de\/wp-json\/wp\/v2\/tags?post=1060615"}],"curies":[{"name":"wp","href":"https:\/\/api.w.org\/{rel}","templated":true}]}}