{"id":1060676,"date":"2026-06-01T01:19:23","date_gmt":"2026-06-01T01:19:23","guid":{"rendered":"https:\/\/www.europesays.com\/de\/1060676\/"},"modified":"2026-06-01T01:19:23","modified_gmt":"2026-06-01T01:19:23","slug":"mainzer-gemeinden-vereinen-sich-zur-evangelischen-gesamtkirchengemeinde-mainz","status":"publish","type":"post","link":"https:\/\/www.europesays.com\/de\/1060676\/","title":{"rendered":"Mainzer Gemeinden vereinen sich zur Evangelischen Gesamtkirchengemeinde Mainz"},"content":{"rendered":"<p class=\"paragraph --regular --color\" data-v-ad2bcb75=\"\" data-v-5c4b7507=\"\">Mainz. \u201eMainz wird eins\u201cZum 1. Januar 2027 wird die \u201eEvangelische Gesamtkirchengemeinde Mainz\u201c gegr\u00fcndet. Dies teilt das Evangelische Dekanat Mainz mit. Nach der Zustimmung der Dekanatssynode \u2013 des regionalen Kirchenparlaments \u2013 und aller Kirchenvorst\u00e4nde hat nun auch die Kirchenleitung gr\u00fcnes Licht gegeben. Die neue Struktur soll die Zusammenarbeit st\u00e4rken und langfristig sichern. Das Dekanat ist zust\u00e4ndig f\u00fcr rund 40.000 evangelische Christen. Mit der Gr\u00fcndung der Gesamtkirchengemeinde reagiert die Evangelische Kirche auf sinkende Mitgliederzahlen und knappe finanzielle Mittel. Durch das Beibehalten der Ortskirchengemeinden in den Stadtteilen und den Kommunen um Mainz \u2013 zum Dekanat geh\u00f6ren die Ortsgemeinden Budenheim, Ober-Olm, Klein-Winternheim und Zornheim \u2013 bleibe, so das Dekanat, die N\u00e4he zu den Menschen erhalten. Der Dekanatssynodalvorstand begr\u00fc\u00dft diesen Schritt. Dekan Andreas Klodt: \u201eMit der Gesamtkirchengemeinde stellen wir uns zukunftsf\u00e4hig auf und sch\u00e4rfen das evangelische Profil in der Landeshauptstadt. Unter dem Motto \u201aMainz wird eins\u2018 r\u00fccken die Gemeinden enger zusammen.\u201c Die Evangelische Gesamtkirchengemeinde Mainz startet in eine Erprobungsphase bis Ende 2032. 2030 wird die Arbeit ausgewertet, um \u00fcber die Fortf\u00fchrung zu entscheiden.<\/p>\n","protected":false},"excerpt":{"rendered":"Mainz. \u201eMainz wird eins\u201cZum 1. Januar 2027 wird die \u201eEvangelische Gesamtkirchengemeinde Mainz\u201c gegr\u00fcndet. Dies teilt das Evangelische Dekanat&hellip;\n","protected":false},"author":2,"featured_media":1060677,"comment_status":"","ping_status":"","sticky":false,"template":"","format":"standard","meta":{"footnotes":"","_share_on_mastodon":"0"},"categories":[1847],"tags":[5650,5651,5652,5654,5655,3364,29,548,663,3934,30,5660,13,2052,5656,5653,5657,1427,14,15,5659,5658,5661,12,4544,5662],"class_list":["post-1060676","post","type-post","status-publish","format-standard","has-post-thumbnail","category-wiesbaden","tag-alzey","tag-bad-kreuznach","tag-bad-sobernheim","tag-bingen","tag-buerstadt","tag-de","tag-deutschland","tag-eu","tag-europa","tag-europe","tag-germany","tag-guntersblum","tag-headlines","tag-hessen","tag-ingelheim","tag-kirn","tag-lampertheim","tag-mainz","tag-nachrichten","tag-news","tag-nierstein","tag-oppenheim","tag-ruesselsheim","tag-schlagzeilen","tag-wiesbaden","tag-worms"],"share_on_mastodon":{"url":"https:\/\/pubeurope.com\/@de\/116672224776070982","error":""},"_links":{"self":[{"href":"https:\/\/www.europesays.com\/de\/wp-json\/wp\/v2\/posts\/1060676","targetHints":{"allow":["GET"]}}],"collection":[{"href":"https:\/\/www.europesays.com\/de\/wp-json\/wp\/v2\/posts"}],"about":[{"href":"https:\/\/www.europesays.com\/de\/wp-json\/wp\/v2\/types\/post"}],"author":[{"embeddable":true,"href":"https:\/\/www.europesays.com\/de\/wp-json\/wp\/v2\/users\/2"}],"replies":[{"embeddable":true,"href":"https:\/\/www.europesays.com\/de\/wp-json\/wp\/v2\/comments?post=1060676"}],"version-history":[{"count":0,"href":"https:\/\/www.europesays.com\/de\/wp-json\/wp\/v2\/posts\/1060676\/revisions"}],"wp:featuredmedia":[{"embeddable":true,"href":"https:\/\/www.europesays.com\/de\/wp-json\/wp\/v2\/media\/1060677"}],"wp:attachment":[{"href":"https:\/\/www.europesays.com\/de\/wp-json\/wp\/v2\/media?parent=1060676"}],"wp:term":[{"taxonomy":"category","embeddable":true,"href":"https:\/\/www.europesays.com\/de\/wp-json\/wp\/v2\/categories?post=1060676"},{"taxonomy":"post_tag","embeddable":true,"href":"https:\/\/www.europesays.com\/de\/wp-json\/wp\/v2\/tags?post=1060676"}],"curies":[{"name":"wp","href":"https:\/\/api.w.org\/{rel}","templated":true}]}}