{"id":1060760,"date":"2026-06-01T02:14:21","date_gmt":"2026-06-01T02:14:21","guid":{"rendered":"https:\/\/www.europesays.com\/de\/1060760\/"},"modified":"2026-06-01T02:14:21","modified_gmt":"2026-06-01T02:14:21","slug":"hessens-staedte-beklagen-hohe-kosten-der-wegwerfmentalitaet","status":"publish","type":"post","link":"https:\/\/www.europesays.com\/de\/1060760\/","title":{"rendered":"Hessens St\u00e4dte beklagen hohe Kosten der Wegwerfmentalit\u00e4t"},"content":{"rendered":"<p class=\"paragraph --regular --color\" data-v-ad2bcb75=\"\" data-v-5c4b7507=\"\">Hanau bittet M\u00fclls\u00fcnder seit Februar deutlich st\u00e4rker zur Kasse. J\u00e4hrlich m\u00fcssen nach Angaben der Stadt rund 180 Tonnen illegal abgelagerter M\u00fcll in Hanau beseitigt werden &#8211; das koste rund 100.000 Euro, die auf die Abfallgeb\u00fchren umgelegt und somit von allen B\u00fcrgern bezahlt werden m\u00fcssten. Und auch Hessens gr\u00f6\u00dfte Stadt Frankfurt beklagt, dass es immer wieder zu illegalen Abfallablagerungen komme, die eine \u201evermeidbare Gef\u00e4hrdung f\u00fcr Umwelt, Mensch und Tier\u201c sowie hohe Kosten f\u00fcr die Beseitigung nach sich z\u00f6gen.<\/p>\n","protected":false},"excerpt":{"rendered":"Hanau bittet M\u00fclls\u00fcnder seit Februar deutlich st\u00e4rker zur Kasse. J\u00e4hrlich m\u00fcssen nach Angaben der Stadt rund 180 Tonnen&hellip;\n","protected":false},"author":2,"featured_media":1060761,"comment_status":"","ping_status":"","sticky":false,"template":"","format":"standard","meta":{"footnotes":"","_share_on_mastodon":"0"},"categories":[1829],"tags":[5650,5651,5652,5654,5655,29,2050,2051,30,5660,2052,5656,5653,5657,1427,14,5659,5658,5661,4544,5662],"class_list":["post-1060760","post","type-post","status-publish","format-standard","has-post-thumbnail","category-frankfurt-am-main","tag-alzey","tag-bad-kreuznach","tag-bad-sobernheim","tag-bingen","tag-buerstadt","tag-deutschland","tag-frankfurt","tag-frankfurt-am-main","tag-germany","tag-guntersblum","tag-hessen","tag-ingelheim","tag-kirn","tag-lampertheim","tag-mainz","tag-nachrichten","tag-nierstein","tag-oppenheim","tag-ruesselsheim","tag-wiesbaden","tag-worms"],"share_on_mastodon":{"url":"https:\/\/pubeurope.com\/@de\/116672441046557902","error":""},"_links":{"self":[{"href":"https:\/\/www.europesays.com\/de\/wp-json\/wp\/v2\/posts\/1060760","targetHints":{"allow":["GET"]}}],"collection":[{"href":"https:\/\/www.europesays.com\/de\/wp-json\/wp\/v2\/posts"}],"about":[{"href":"https:\/\/www.europesays.com\/de\/wp-json\/wp\/v2\/types\/post"}],"author":[{"embeddable":true,"href":"https:\/\/www.europesays.com\/de\/wp-json\/wp\/v2\/users\/2"}],"replies":[{"embeddable":true,"href":"https:\/\/www.europesays.com\/de\/wp-json\/wp\/v2\/comments?post=1060760"}],"version-history":[{"count":0,"href":"https:\/\/www.europesays.com\/de\/wp-json\/wp\/v2\/posts\/1060760\/revisions"}],"wp:featuredmedia":[{"embeddable":true,"href":"https:\/\/www.europesays.com\/de\/wp-json\/wp\/v2\/media\/1060761"}],"wp:attachment":[{"href":"https:\/\/www.europesays.com\/de\/wp-json\/wp\/v2\/media?parent=1060760"}],"wp:term":[{"taxonomy":"category","embeddable":true,"href":"https:\/\/www.europesays.com\/de\/wp-json\/wp\/v2\/categories?post=1060760"},{"taxonomy":"post_tag","embeddable":true,"href":"https:\/\/www.europesays.com\/de\/wp-json\/wp\/v2\/tags?post=1060760"}],"curies":[{"name":"wp","href":"https:\/\/api.w.org\/{rel}","templated":true}]}}