{"id":1061032,"date":"2026-06-01T04:54:17","date_gmt":"2026-06-01T04:54:17","guid":{"rendered":"https:\/\/www.europesays.com\/de\/1061032\/"},"modified":"2026-06-01T04:54:17","modified_gmt":"2026-06-01T04:54:17","slug":"zwangsversteigerung-in-brackel-reihenhaus-mit-grosser-maengelliste","status":"publish","type":"post","link":"https:\/\/www.europesays.com\/de\/1061032\/","title":{"rendered":"Zwangsversteigerung in Brackel: Reihenhaus mit gro\u00dfer M\u00e4ngelliste"},"content":{"rendered":"<p>\t\tReihenhaus in Dortmund wird zwangsversteigert<br \/>\n\t\t\t\t\tDoch die M\u00e4ngelliste ist riesig<\/p>\n<p>\t\t<img alt=\"\" src=\"https:\/\/www.europesays.com\/de\/wp-content\/uploads\/2025\/05\/630_0036_48786_.jpg\"  class=\"avatar avatar-36 photo avatar-default\" height=\"36\" width=\"36\" loading=\"eager\" decoding=\"async\"\/>\t\t<a class=\"article-author__name\" href=\"https:\/\/www.ruhrnachrichten.de\/author\/andreas-schroeter\/\" rel=\"author nofollow noopener\" target=\"_blank\">Andreas Schr\u00f6ter<\/a><br \/>\n\t\tRedakteur<\/p>\n<p>    <a href=\"https:\/\/www.ruhrnachrichten.de\/wp-content\/uploads\/2026\/05\/29\/15\/630_0900_6284840_-1648x824.jpg\" rel=\"nofollow noopener\" target=\"_blank\"><\/p>\n<p>            <img loading=\"lazy\" decoding=\"async\" src=\"https:\/\/www.europesays.com\/de\/wp-content\/uploads\/2026\/06\/630_0900_6284837_-640x428.jpg\" width=\"640\" height=\"428\"  alt=\"So sieht's am Botdingweg in Brackel aus.\"\/><\/p>\n<p>    <\/a><br \/>\n    So sieht\u2019s am Botdingweg in Brackel aus. \u00a9 Andreas Schr\u00f6ter<\/p>\n<p class=\"article__teaser-text\">Ein Reihenhaus in Dortmund-Brackel wird versteigert. Der Preis: 260.000 Euro. Doch das Gutachten zeigt: K\u00e4ufer m\u00fcssen kr\u00e4ftig investieren.<\/p>\n<p>2 Min Lesezeit<\/p>\n<p>Weitere gravierende M\u00e4ngel<\/p>\n","protected":false},"excerpt":{"rendered":"Reihenhaus in Dortmund wird zwangsversteigert Doch die M\u00e4ngelliste ist riesig Andreas Schr\u00f6ter Redakteur So sieht\u2019s am Botdingweg in&hellip;\n","protected":false},"author":2,"featured_media":1061033,"comment_status":"","ping_status":"","sticky":false,"template":"","format":"standard","meta":{"footnotes":"","_share_on_mastodon":"0"},"categories":[1833],"tags":[10138,3364,29,217,30,3566,1209],"class_list":["post-1061032","post","type-post","status-publish","format-standard","has-post-thumbnail","category-dortmund","tag-brackel","tag-de","tag-deutschland","tag-dortmund","tag-germany","tag-immobilien-wohnen","tag-nordrhein-westfalen"],"share_on_mastodon":{"url":"https:\/\/pubeurope.com\/@de\/116673070460198304","error":""},"_links":{"self":[{"href":"https:\/\/www.europesays.com\/de\/wp-json\/wp\/v2\/posts\/1061032","targetHints":{"allow":["GET"]}}],"collection":[{"href":"https:\/\/www.europesays.com\/de\/wp-json\/wp\/v2\/posts"}],"about":[{"href":"https:\/\/www.europesays.com\/de\/wp-json\/wp\/v2\/types\/post"}],"author":[{"embeddable":true,"href":"https:\/\/www.europesays.com\/de\/wp-json\/wp\/v2\/users\/2"}],"replies":[{"embeddable":true,"href":"https:\/\/www.europesays.com\/de\/wp-json\/wp\/v2\/comments?post=1061032"}],"version-history":[{"count":0,"href":"https:\/\/www.europesays.com\/de\/wp-json\/wp\/v2\/posts\/1061032\/revisions"}],"wp:featuredmedia":[{"embeddable":true,"href":"https:\/\/www.europesays.com\/de\/wp-json\/wp\/v2\/media\/1061033"}],"wp:attachment":[{"href":"https:\/\/www.europesays.com\/de\/wp-json\/wp\/v2\/media?parent=1061032"}],"wp:term":[{"taxonomy":"category","embeddable":true,"href":"https:\/\/www.europesays.com\/de\/wp-json\/wp\/v2\/categories?post=1061032"},{"taxonomy":"post_tag","embeddable":true,"href":"https:\/\/www.europesays.com\/de\/wp-json\/wp\/v2\/tags?post=1061032"}],"curies":[{"name":"wp","href":"https:\/\/api.w.org\/{rel}","templated":true}]}}