{"id":1061216,"date":"2026-06-01T06:46:19","date_gmt":"2026-06-01T06:46:19","guid":{"rendered":"https:\/\/www.europesays.com\/de\/1061216\/"},"modified":"2026-06-01T06:46:19","modified_gmt":"2026-06-01T06:46:19","slug":"kuss-im-lets-dance-finale-das-sagen-milano-und-marta-arndt-zu-diesem-ikonischen-moment","status":"publish","type":"post","link":"https:\/\/www.europesays.com\/de\/1061216\/","title":{"rendered":"Kuss im \u201eLet\u2019s Dance\u201d-Finale? Das sagen Milano und Marta Arndt zu diesem ikonischen Moment"},"content":{"rendered":"<p>Wow-Moment im \u201eLet\u2019s Dance\u201d-FinaleHabt ihr euch hier wirklich gek\u00fcsst, Milano und Marta?<\/p>\n<p class=\"AnnotatedMarkup_paragraph__IUT9l\"><strong>In diesem Moment blieb vielen \u201eLet\u2019s Dance\u201d-Zuschauern kurz der Atmen stehen.<\/strong><br \/>Milano und Marta Arndt beenden ihren Spiderman-Final-Freestyle mit einem ikonischen Moment: Er h\u00e4ngt kopf\u00fcber von der Decke, sie zieht seine Maske ab und k\u00fcsst ihn. Oder etwa nicht? Zumindest sieht der Kuss t\u00e4uschend echt aus! Doch Milano und Marta sind v\u00f6llig \u00fcberrascht, als wir sie nach dem Finale darauf ansprechen, wie ihr oben im Video sehen k\u00f6nnt.<\/p>\n<p>\u201eK\u00f6nnen wir bitte \u00fcber diesen Kuss sprechen?!\u201d<\/p>\n<p class=\"AnnotatedMarkup_paragraph__IUT9l\">Hollywood is calling! Mit ihrem Spiderman-Freestyle im Finale wollten <a href=\"https:\/\/www.rtl.de\/sendungen\/lets-dance\/let-s-dance-2026-sieger-der-herzen-saenger-milano-landet-auf-dem-zweiten-platz-id30867086.html\" target=\"_self\" rel=\"nofollow noopener\">Milano und Marta Arndt<\/a> ihre \u201eLet\u2019s Dance\u201d-Reise filmreif beenden &#8211; und das haben sie allemal geschafft. Die Performance glich einem kurzen Actionfilm auf dem Tanzparkett. Mit emotionalem H\u00f6hepunkt am Ende. Fest steht: \u00dcber diese Szene wird unter den \u201eLet\u2019s Dance\u201d-Fans auf Social Media wild diskutiert. \u201eAber der Kuss am Ende hat mich komplett verwirrt\u201d, \u201eHabe ich richtig gesehen, gab es diesen Kuss?\u201d oder \u201eK\u00f6nnen wir bitte \u00fcber diesen Kuss sprechen?!\u201d hei\u00dft es etwa in den Kommentaren auf dem offiziellen Instagram-Account von \u201eLet\u2019s Dance\u201d. Ja, das k\u00f6nnen wir!<\/p>\n<p class=\"AnnotatedMarkup_paragraph__IUT9l\"><strong>Video-Tipp:<\/strong> <a href=\"https:\/\/www.rtl.de\/sendungen\/lets-dance\/videos\/let-s-dance-2026-milano-und-marta-arndt-zeigen-einen-spider-man-freestyle-6a1a13b844cb468a5604794c.html\" target=\"_self\" rel=\"nofollow noopener\">Den gesamten Final-Freestyle von Marta und Milano seht ihr hier<\/a><\/p>\n<p>Ihr wollt mehr News von RTL.de bei Google finden? So einfach geht\u2019s!Wozu dienen die bevorzugten Quellen bei Google?<\/p>\n<p>Ihr scrollt durch die Google-Suche und wollt direkt das sehen, was euch wirklich interessiert? Genau daf\u00fcr hat Google jetzt eine neue Funktion am Start. Mit den sogenannten \u201eBevorzugten Quellen\u201c k\u00f6nnt ihr selbst festlegen, welche Inhalte euch h\u00e4ufiger angezeigt werden. Und genau hier kommt rtl.de ins Spiel. Wenn ihr uns als Favorit markiert, bekommt ihr k\u00fcnftig die wichtigsten Geschichten und Nachrichten f\u00fcr euer Leben, aktuelle News, exklusive VIP-Geschichten aus der Welt eurer Lieblingspromis und RTL-Stars sowie alles rund um Shows, Realitys und Serien<b> <\/b>noch schneller angezeigt.<\/p>\n<p>So aktiviert ihr RTL.de als bevorzugte Quelle bei Google<\/p>\n<p>Der Weg dahin ist wirklich simpel \u2013 ihr braucht nur ein Google-Konto.<\/p>\n<ol>\n<p><b>Direkt \u00fcber den Link<\/b>: Klickt auf diesen <a href=\"https:\/\/www.google.com\/preferences\/source?q=rtl.de\" target=\"_blank\" rel=\"Follow nofollow noopener\">Aktivierungslink<\/a> und w\u00e4hlt rtl.de als bevorzugte Quelle aus.<\/p>\n<p>Sucht alternativ ein Thema bei Google, tippt auf das <b>Sternsymbol neben \u201eSchlagzeilen\u201c<\/b> und f\u00fcgt RTL.de dort hinzu. Danach einfach die Suche neu laden.<\/p>\n<\/ol>\n<p>Schon werden euch Inhalte eurer Lieblingsquelle h\u00e4ufiger angezeigt<\/p>\n<p><a href=\"https:\/\/www.rtl.de\/news\/rtl-de-als-bevorzugte-quelle-bei-google-was-dahinter-steckt-und-wie-ihr-es-aktiviert-id30795186.html\" target=\"_self\" rel=\"Follow nofollow noopener\">Hier erfahrt ihr mehr \u00fcber die bevorzugten Quellen bei Google<\/a><\/p>\n<p>So erkl\u00e4ren Marta und Milano den \u201eKuss\u201d-Moment<img alt=\"Milano und Marta Arndt bei ihrem Final-Freestyle im \u201eLet\u2019s Dance\u201d-Finale\" fetchpriority=\"auto\" loading=\"lazy\" width=\"940\" height=\"529\" decoding=\"async\" data-nimg=\"1\" class=\"Image_image__SdgLQ Picture_image__vGN9W\" style=\"color:transparent\"   src=\"https:\/\/www.europesays.com\/de\/wp-content\/uploads\/2026\/06\/597813455.webp\"\/><\/p>\n<p>Mit dieser Szene verwandeln Milano und Marta das Tanzparkett in einen Hollywood-Film!<\/p>\n<p>picture alliance\/dpa | Rolf Vennenbernd<\/p>\n<p class=\"AnnotatedMarkup_paragraph__IUT9l\">Als wir Marta und Milano im RTL-Interview nach dem Finale auf den ikonischen Moment ansprechen, reagieren sie \u00fcberrascht. \u201eNein, es war kein Kuss! Es war wirklich kein Kuss!\u201d, stellt die Profit\u00e4nzerin klar. \u201eDas sah so nahe aus, aber es war wirklich kein Kuss.\u201d<\/p>\n<p class=\"AnnotatedMarkup_paragraph__IUT9l\">Es sei vielmehr ein Filmkuss gewesen, der einfach von einem \u201eperfekten Winkel\u201d gefilmt wurde, erkl\u00e4rt das Tanzpaar. \u201eSehr gute Kameraf\u00fchrung\u201d, so Marta. Ob Kuss oder kein Kuss \u2013 die Szene bleibt in jedem Fall in Erinnerung und genau das ist doch das Ziel des Final-Freestyles!<\/p>\n<p>Anzeige:<\/p>\n<p>Empfehlungen unserer Partner<\/p>\n<p>Achtung, die 19. \u201eLet\u2019s Dance\u201d-Staffel ist noch nicht vorbei!<img alt=\"Let\u2019s Dance \" fetchpriority=\"auto\" loading=\"lazy\" width=\"615\" height=\"346\" decoding=\"async\" data-nimg=\"1\" class=\"Image_image__SdgLQ RtlPlusContent_image__Gbn0N\" style=\"color:transparent\"   src=\"https:\/\/www.europesays.com\/de\/wp-content\/uploads\/2026\/02\/let-s-dance.webp.webp\"\/><\/p>\n<p class=\"AnnotatedMarkup_paragraph__IUT9l\">Die Kr\u00f6nung unseres \u201eDancing Stars\u201d bedeutet noch nicht das Ende der 19. Staffel. Denn am 5. Juni betreten unsere Profit\u00e4nzer und Profit\u00e4nzerinnen das Parkett und treten in der Profi-Challenge gegeneinander an! Also, markiert euch den Freitag nochmal im Kalender: 5. Juni ab 20.15 Uhr bei RTL im TV oder <a href=\"https:\/\/plus.rtl.de\/tv-programm?utm_source=rtl&amp;utm_content=30874433&amp;utm_medium=owned&amp;utm_campaign=textlink&amp;utm_term=na\" target=\"_blank\" rel=\"nofollow noopener\">im Livestream auf RTL+<\/a>.\u00a0Wir freuen uns!<\/p>\n<p class=\"AnnotatedMarkup_paragraph__IUT9l\">Verwendete Quellen: RTL<\/p>\n","protected":false},"excerpt":{"rendered":"Wow-Moment im \u201eLet\u2019s Dance\u201d-FinaleHabt ihr euch hier wirklich gek\u00fcsst, Milano und Marta? In diesem Moment blieb vielen \u201eLet\u2019s&hellip;\n","protected":false},"author":2,"featured_media":1061217,"comment_status":"","ping_status":"","sticky":false,"template":"","format":"standard","meta":{"footnotes":"","_share_on_mastodon":"0"},"categories":[1773],"tags":[3537,29,214,30,639,171330,171329,471,1780,641,684,215,3538],"class_list":["post-1061216","post","type-post","status-publish","format-standard","has-post-thumbnail","category-serien","tag-daniel-hartwich","tag-deutschland","tag-entertainment","tag-germany","tag-lets-dance","tag-lets-dance-19-staffel","tag-lets-dance-2026","tag-serien","tag-series","tag-tanzshow","tag-tv","tag-unterhaltung","tag-victoria-swarovski"],"share_on_mastodon":{"url":"https:\/\/pubeurope.com\/@de\/116673511956100747","error":""},"_links":{"self":[{"href":"https:\/\/www.europesays.com\/de\/wp-json\/wp\/v2\/posts\/1061216","targetHints":{"allow":["GET"]}}],"collection":[{"href":"https:\/\/www.europesays.com\/de\/wp-json\/wp\/v2\/posts"}],"about":[{"href":"https:\/\/www.europesays.com\/de\/wp-json\/wp\/v2\/types\/post"}],"author":[{"embeddable":true,"href":"https:\/\/www.europesays.com\/de\/wp-json\/wp\/v2\/users\/2"}],"replies":[{"embeddable":true,"href":"https:\/\/www.europesays.com\/de\/wp-json\/wp\/v2\/comments?post=1061216"}],"version-history":[{"count":0,"href":"https:\/\/www.europesays.com\/de\/wp-json\/wp\/v2\/posts\/1061216\/revisions"}],"wp:featuredmedia":[{"embeddable":true,"href":"https:\/\/www.europesays.com\/de\/wp-json\/wp\/v2\/media\/1061217"}],"wp:attachment":[{"href":"https:\/\/www.europesays.com\/de\/wp-json\/wp\/v2\/media?parent=1061216"}],"wp:term":[{"taxonomy":"category","embeddable":true,"href":"https:\/\/www.europesays.com\/de\/wp-json\/wp\/v2\/categories?post=1061216"},{"taxonomy":"post_tag","embeddable":true,"href":"https:\/\/www.europesays.com\/de\/wp-json\/wp\/v2\/tags?post=1061216"}],"curies":[{"name":"wp","href":"https:\/\/api.w.org\/{rel}","templated":true}]}}