{"id":1061226,"date":"2026-06-01T06:51:21","date_gmt":"2026-06-01T06:51:21","guid":{"rendered":"https:\/\/www.europesays.com\/de\/1061226\/"},"modified":"2026-06-01T06:51:21","modified_gmt":"2026-06-01T06:51:21","slug":"jan-kittmann-und-kathrin-menzinger-lets-dance-stars-aeussern-sich-zu-affaeren-geruechten","status":"publish","type":"post","link":"https:\/\/www.europesays.com\/de\/1061226\/","title":{"rendered":"Jan Kittmann und Kathrin Menzinger: &#8222;Let&#8217;s Dance&#8220;-Stars \u00e4u\u00dfern sich zu Aff\u00e4ren-Ger\u00fcchten"},"content":{"rendered":"<p>Seit 2020 ist Jan Kittmann in der beliebten RTL-Soap &#8222;Gute Zeiten, schlechte Zeiten&#8220; zu sehen. Bei &#8222;<a href=\"https:\/\/www.abendzeitung-muenchen.de\/thema\/lets-dance\/\" rel=\"nofollow noopener\" target=\"_blank\">Let&#8217;s Dance<\/a>&#8220; 2026 wollte er seine Tanzk\u00fcnste unter Beweis stellen. Obwohl der Schauspieler auf dem f\u00fcnften Platz landete, ist er nach der Show Gespr\u00e4chsthema Nummer eins. Grund ist seine Tanzpartnerin Kathrin Menzinger, mit der es auf dem Parkett m\u00e4chtig knisterte.<\/p>\n<p>Liebes-Getuschel um &#8222;Let&#8217;s Dance&#8220;-Star: Das sagt RTL-Partnerin von Jan Kittmann<\/p>\n<p>Jedes Jahr gibt es bei &#8222;Let&#8217;s Dance&#8220; Ger\u00fcchte um Liebeleien zwischen <a href=\"https:\/\/www.abendzeitung-muenchen.de\/promis\/\" rel=\"nofollow noopener\" target=\"_blank\">Promis<\/a> und Profis hinter den Kulissen. Nach Abschluss der Staffel 2026 stehen Jan Kittmann und Kathrin Menzinger im Fokus. Wie &#8222;<a href=\"https:\/\/www.bild.de\/unterhaltung\/stars-und-leute\/jan-kittmann-und-kathrin-menzinger-liebesgeruecht-bei-lets-dance-6a1c0a61411d40cd4c74d40f\" target=\"_blank\" title=\"https:\/\/www.bild.de\/unterhaltung\/stars-und-leute\/jan-kittmann-und-kathrin-menzinger-liebesgeruecht-bei-lets-dance-6a1c0a61411d40cd4c74d40f\" class=\"ext_links\" rel=\"noopener nofollow\">Bild<\/a>&#8220; berichtet, sollen sich die beiden auch abseits der Show n\u00e4her gekommen sein.<\/p>\n<p>Was ist dran am &#8222;Let&#8217;s Dance&#8220;-Getuschel? Das Management von Jan Kittmann hat reagiert und teilt mit: &#8222;Ger\u00fcchte zu Aff\u00e4ren bei &#8218;Let\u2019s Dance&#8216; gibt es jedes Jahr regelm\u00e4\u00dfig, auch in dieser Staffel. Das bleibt wohl bei leidenschaftlichen T\u00e4nzen nicht aus.&#8220; Auch Kathrin Menzinger meldet sich zu Wort: &#8222;Solche Ger\u00fcchte gibt es bei Tanzpaaren immer wieder mal. Wenn zwei Menschen im Team gut zusammenarbeiten und sich gut verstehen, wird schnell spekuliert.&#8220; Nach einem Dementi klingen die beiden Statements nicht.<\/p>\n<p>     <img decoding=\"async\" loading=\"lazy\" src=\"https:\/\/www.europesays.com\/de\/wp-content\/uploads\/2026\/06\/1697032_artikelbild-75proz_1G7i3Z_uTjRii.jpg\" alt=\"Kathrin Menzinger und Jan Kittmann belegten bei &quot;Let's Dance&quot; 2026 den f\u00fcnften Platz.\" title=\"Kathrin Menzinger und Jan Kittmann belegten bei &quot;Let's Dance&quot; 2026 den f\u00fcnften Platz.\" width=\"609\" height=\"343\"\/><\/p>\n<p>      Kathrin Menzinger und Jan Kittmann belegten bei &#8222;Let&#8217;s Dance&#8220; 2026 den f\u00fcnften Platz.<br \/>\n      \u00a9 imago\/Panama Pictures<\/p>\n<p>    Kathrin Menzinger und Jan Kittmann belegten bei &#8222;Let&#8217;s Dance&#8220; 2026 den f\u00fcnften Platz.<\/p>\n<p>von imago\/Panama Pictures <\/p>\n<p>&#8222;}&#8220;&gt; <\/p>\n<p>Ehefrau und Tochter von Jan Kittmann: Der RTL-Star ist verheiratet<\/p>\n<p>Wie wohl die Ehefrau von Jan Kittmann \u00fcber die Ger\u00fcchte um den Schauspieler denkt? Seit einigen Jahren ist der GZSZ-Star verheiratet. \u00dcber seine Ehefrau ist \u00f6ffentlich nur wenig bekannt. Im GZSZ-Podcast erz\u00e4hlte Kittmann 2020, dass die Entscheidung, seine Liebste zu heiraten, &#8222;ganz pragmatisch&#8220; gewesen sei. Auch verriet der Schauspieler im Interview mit der Zeitschrift &#8222;Bunte&#8220;, dass seine Frau ihn w\u00e4hrend der Corona-Pandemie vor der TV-Kamera als Kuss-Double unterst\u00fctzte. Zu dem Getuschel um Ehemann und &#8222;Let&#8217;s Dance&#8220;-T\u00e4nzerin hat sie sich bislang nicht ge\u00e4u\u00dfert.<\/p>\n<p>Seit 2018 sind Jan Kittmann und seine Liebste Eltern einer gemeinsamen Tochter. Wie auch \u00fcber seine Frau ist \u00fcber das Kind des Schauspielers nur wenig bekannt. Gemeinsame Schnappsch\u00fcsse in den sozialen Medien sind eher selten. Doch im August 2019 gratulierte er seiner Tochter via Instagram zum Geburtstag. Im entsprechenden Posting ist der Theater- und Seriendarsteller an der Seite seines Kindes von hinten zu sehen. Das Foto wurde am Strand geschossen.<\/p>\n<p>        An dieser Stelle finden Sie einen externen Inhalt (Instagram). Sie k\u00f6nnen sich Inhalte dieses Anbieters mit einem Klick anzeigen lassen und wieder ausblenden.<\/p>\n<p>\n        Anzeigen\n        <\/p>\n<p>\n        Externe Inhalte ausblenden\n        <\/p>\n<p>\n        Anzeige f\u00fcr den Anbieter Instagram \u00fcber den Consent-Anbieter verweigert\n    <\/p>\n<p>Jan Kittmann privat: Herkunft und Ausbildung<\/p>\n<p>Jan Kittmann wurde am 6. Mai 1983 in ein noch geteiltes Deutschland geboren. Bis zum Mauerfall wuchs er in der ehemaligen DDR auf. Nach seinem Schulabschluss widmete er sich neben seinem Studium der Schauspielerei. Der Ausbildung zum Informatiker konnte er wohl nur wenig abgewinnen, weshalb er sich 2005 endg\u00fcltig f\u00fcr die K\u00fcnste entschied und die Theaterakademie Vorpommern besuchte.<\/p>\n<p>F\u00fcr Jan Kittmann stellte sich diese Entscheidung als goldrichtig heraus, denn schnell konnte er erste Rollen in verschiedenen Theaterst\u00fccken ergattern.<\/p>\n<p>     <img decoding=\"async\" loading=\"lazy\" src=\"https:\/\/www.abendzeitung-muenchen.de\/storage\/image\/5\/5\/9\/8\/1658955_jan-kittmann-3-v-l-bei-einer-theaterauffuehrung-im-juli-2006_artikelbild-75proz_1FAvca_aBReuL.jpg\" alt=\"Jan Kittmann (3. v. l.) bei einer Theaterauff\u00fchrung im Juli 2006.\" title=\"Jan Kittmann (3. v. l.) bei einer Theaterauff\u00fchrung im Juli 2006.\" width=\"609\" height=\"399\"\/><\/p>\n<p>      Jan Kittmann (3. v. l.) bei einer Theaterauff\u00fchrung im Juli 2006.<br \/>\n      \u00a9 imago\/Jens Koehler<\/p>\n<p>    Jan Kittmann (3. v. l.) bei einer Theaterauff\u00fchrung im Juli 2006.<\/p>\n<p>von imago\/Jens Koehler <\/p>\n<p>&#8222;}&#8220;&gt; <\/p>\n<p>TV-Karriere und Rolle bei GZSZ<\/p>\n<p>Auch im TV machte Jan Kittmann Karriere. Anfang 2019 spielte er in der RTL-Serie &#8222;Die Klempnerin&#8220; die Rolle des Hauptkommissars &#8222;Thomas Waldeck&#8220;. Im ZDF-Klassiker &#8222;Das Traumschiff&#8220; war er in der Weihnachtsfolge 2019, die auf Antigua gedreht wurde, an der Seite von Leander Lichti zu sehen.<\/p>\n<p>Heute kennen viele TV-Zuschauer den Schauspieler als &#8222;Tobias Evers&#8220; aus der RTL-Soap &#8222;Gute Zeiten, schlechte Zeiten&#8220;. Die Rolle spielt Jan Kittmann seit Oktober 2020. Au\u00dferdem konnte man den Berliner bereits in den Sendungen &#8222;Bettys Diagnose&#8220; und &#8222;In aller Freundschaft&#8220; bestaunen.\u00a0<\/p>\n<p>     <img decoding=\"async\" loading=\"lazy\" src=\"https:\/\/www.europesays.com\/de\/wp-content\/uploads\/2026\/04\/1658954_jan-kittmann-und-seine-gzsz-kollegen-ulrike-frank-und-wolfgang-bahro-bei-ei_artikelbild-75pr.jpeg\" alt=\"Jan Kittmann und seine GZSZ-Kollegen Ulrike Frank und Wolfgang Bahro bei einer &quot;Gute Zeiten, schlechte Zeiten&quot;-Jubli\u00e4umsparty im Mai 2022.\" title=\"Jan Kittmann und seine GZSZ-Kollegen Ulrike Frank und Wolfgang Bahro bei einer &quot;Gute Zeiten, schlechte Zeiten&quot;-Jubli\u00e4umsparty im Mai 2022.\" width=\"609\" height=\"405\"\/><\/p>\n<p>      Jan Kittmann und seine GZSZ-Kollegen Ulrike Frank und Wolfgang Bahro bei einer &#8222;Gute Zeiten, schlechte Zeiten&#8220;-Jubli\u00e4umsparty im Mai 2022.<br \/>\n      \u00a9 imago\/Gartner<\/p>\n<p>    Jan Kittmann und seine GZSZ-Kollegen Ulrike Frank und Wolfgang Bahro bei einer &#8222;Gute Zeiten, schlechte Zeiten&#8220;-Jubli\u00e4umsparty im Mai 2022.<\/p>\n<p>von imago\/Gartner <\/p>\n<p>&#8222;}&#8220;&gt; <\/p>\n<p>Jan Kittmann bei &#8222;Let&#8217;s Dance&#8220;: Was Teilnahme f\u00fcr GZSZ-Rolle bedeutet<\/p>\n<p>2026 wagte sich Jan Kittmann auf das RTL-Tanzparkett und wollte bei &#8222;Let&#8217;s Dance&#8220; \u00fcberzeugen. Seine Tanzerfahrung konnte ihm dabei zwar helfen, am Ende schaffte er es aber nicht ins Finale und landete auf Platz 5. In der Jazz-Modern-Dance-Gruppe Outfaced tanzte er von 1999 bis 2007 und konnte sogar f\u00fcnfmal die Berliner Meisterschaft gewinnen.<\/p>\n<p>F\u00fcr seine Rolle in der Soap &#8222;Gute Zeiten, schlechte Zeiten&#8220; hatte Kittmanns &#8222;Let&#8217;s Dance&#8220;-Teilnahme Folgen. Der Schauspieler kam an einer Auszeit in dem Format, das fast t\u00e4glich neue Folgen sendet, nicht vorbei. Wie er <a href=\"https:\/\/www.rtl.de\/sendungen\/lets-dance\/let-s-dance-2026-gzsz-star-jan-kittmann-schluepft-in-die-taenzerrolle-alle-infos-zum-kandidaten-id30207188.html\" target=\"_blank\" title=\"https:\/\/www.rtl.de\/sendungen\/lets-dance\/let-s-dance-2026-gzsz-star-jan-kittmann-schluepft-in-die-taenzerrolle-alle-infos-zum-kandidaten-id30207188.html\" class=\"ext_links\" rel=\"noopener nofollow\">RTL <\/a>im Februar 2026 verriet, musste er eine GZSZ-Pause einlegen, wird jedoch nach &#8222;Let&#8217;s Dance&#8220; wieder in der Soap zu sehen sein. &#8222;Ich kehre im Sommer 2026 auf die TV-Bildschirme bei RTL zur\u00fcck&#8220;, versprach Kittmann. Seine Fans d\u00fcrfte diese Ank\u00fcndigung sehr freuen.<\/p>\n<p>        An dieser Stelle finden Sie einen externen Inhalt (Instagram Reel). Sie k\u00f6nnen sich Inhalte dieses Anbieters mit einem Klick anzeigen lassen und wieder ausblenden.<\/p>\n<p>\n        Anzeigen\n        <\/p>\n<p>\n        Externe Inhalte ausblenden\n        <\/p>\n<p>\n        Anzeige f\u00fcr den Anbieter Instagram Reel \u00fcber den Consent-Anbieter verweigert\n    <\/p>\n<p>Gro\u00dfe Freude bei Jan Kittmann wegen &#8222;Let&#8217;s Dance&#8220;<\/p>\n<p>F\u00fcr Jan Kittmann ging mit der Teilnahme an &#8222;Let\u2019s Dance&#8220; ein gro\u00dfer Traum in Erf\u00fcllung. 15 Jahre lang w\u00fcnsche er sich laut RTL schon, Teil der Show sein zu d\u00fcrfen. Seine Tanzk\u00fcnste vor einem gro\u00dfen TV-Publikum pr\u00e4sentieren zu k\u00f6nnen, beschrieb Kittmann als &#8222;unfassbar&#8220; und als gro\u00dfe Chance der pers\u00f6nlichen Weiterentwicklung.\u00a0<\/p>\n","protected":false},"excerpt":{"rendered":"Seit 2020 ist Jan Kittmann in der beliebten RTL-Soap &#8222;Gute Zeiten, schlechte Zeiten&#8220; zu sehen. Bei &#8222;Let&#8217;s Dance&#8220;&hellip;\n","protected":false},"author":2,"featured_media":1061227,"comment_status":"","ping_status":"","sticky":false,"template":"","format":"standard","meta":{"footnotes":"","_share_on_mastodon":"0"},"categories":[155],"tags":[29,214,30,5615,2045,215],"class_list":["post-1061226","post","type-post","status-publish","format-standard","has-post-thumbnail","category-unterhaltung","tag-deutschland","tag-entertainment","tag-germany","tag-let","tag-promis","tag-unterhaltung"],"share_on_mastodon":{"url":"https:\/\/pubeurope.com\/@de\/116673531737057105","error":""},"_links":{"self":[{"href":"https:\/\/www.europesays.com\/de\/wp-json\/wp\/v2\/posts\/1061226","targetHints":{"allow":["GET"]}}],"collection":[{"href":"https:\/\/www.europesays.com\/de\/wp-json\/wp\/v2\/posts"}],"about":[{"href":"https:\/\/www.europesays.com\/de\/wp-json\/wp\/v2\/types\/post"}],"author":[{"embeddable":true,"href":"https:\/\/www.europesays.com\/de\/wp-json\/wp\/v2\/users\/2"}],"replies":[{"embeddable":true,"href":"https:\/\/www.europesays.com\/de\/wp-json\/wp\/v2\/comments?post=1061226"}],"version-history":[{"count":0,"href":"https:\/\/www.europesays.com\/de\/wp-json\/wp\/v2\/posts\/1061226\/revisions"}],"wp:featuredmedia":[{"embeddable":true,"href":"https:\/\/www.europesays.com\/de\/wp-json\/wp\/v2\/media\/1061227"}],"wp:attachment":[{"href":"https:\/\/www.europesays.com\/de\/wp-json\/wp\/v2\/media?parent=1061226"}],"wp:term":[{"taxonomy":"category","embeddable":true,"href":"https:\/\/www.europesays.com\/de\/wp-json\/wp\/v2\/categories?post=1061226"},{"taxonomy":"post_tag","embeddable":true,"href":"https:\/\/www.europesays.com\/de\/wp-json\/wp\/v2\/tags?post=1061226"}],"curies":[{"name":"wp","href":"https:\/\/api.w.org\/{rel}","templated":true}]}}