{"id":1061250,"date":"2026-06-01T07:06:20","date_gmt":"2026-06-01T07:06:20","guid":{"rendered":"https:\/\/www.europesays.com\/de\/1061250\/"},"modified":"2026-06-01T07:06:20","modified_gmt":"2026-06-01T07:06:20","slug":"erdbeerfelder-im-landkreis-augsburg-2026-standorte-und-aktuelle-kilopreise","status":"publish","type":"post","link":"https:\/\/www.europesays.com\/de\/1061250\/","title":{"rendered":"Erdbeerfelder im Landkreis Augsburg 2026: Standorte und aktuelle Kilopreise"},"content":{"rendered":"<p class=\"mb-6 text-xs md:text-m lg:text-l font-serif group-[.font-sans]:font-sans \">\n    Die Erdbeersaison ist wieder er\u00f6ffnet. Die kalten Tage in der vergangenen Woche haben den Start zwar um drei Tage verschoben, dennoch ist Obstbauer Josef Kraus aus <a href=\"https:\/\/www.augsburger-allgemeine.de\/augsburg-land\/ort\/gessertshausen\" target=\"_self\" class=\"underline \" rel=\"nofollow noopener\">Gessertshausen<\/a> zufrieden. Der Bodenfrost der vergangenen Woche sei<a href=\"https:\/\/www.augsburger-allgemeine.de\/augsburg-land\/karte-standorte-der-erdbeerfelder-im-landkreis-augsburg-25-109089226\" target=\"_self\" class=\"underline \" rel=\"nofollow noopener\"> f\u00fcr die empfindlichen Erdbeeren<\/a> kritisch gewesen. \u201eIch hoffe, das Wetter wird jetzt besser, wir brauchen W\u00e4rme. Aber es sieht gut aus.\u201c\n  <\/p>\n<p>            So viel kostet das Kilo Erdbeeren in der aktuellen Saison 2026<\/p>\n<p class=\"mb-6 text-xs md:text-m lg:text-l font-serif group-[.font-sans]:font-sans \">\n    Der Preis f\u00fcr die Erdbeeren sei an den St\u00e4nden trotz steigender Energie- und Lohnkosten gleich geblieben. \u201eAuf den Feldern ist das Ernten jetzt pro Kilo unwesentlich teurer. Der Preis ist um 20 Cent gestiegen\u201c, sagt der Obstbauer. Das Kilo kostet 4,90 Euro. Die Gr\u00f6\u00dfe der Erdbeerfelder f\u00fcr Selbsternter sei in etwa so gro\u00df wie 2025.\n  <\/p>\n<p>    <img decoding=\"async\" src=\"https:\/\/images.mgpd.de\/img\/100742629\/crop\/c16_9-w100\/842168775\/1191124791\/essen-aus-der-region-bio-erdbeeren-gemuese-pohl.jpg\" alt=\"Die Erdbeerfelder sind wieder ge\u00f6ffnet.\" title=\"Die Erdbeerfelder sind wieder ge\u00f6ffnet.\" loading=\"lazy\" class=\"h-full w-full object-cover\"\/><\/p>\n<p>      Icon vergr\u00f6\u00dfern<\/p>\n<p>    Die Erdbeerfelder sind wieder ge\u00f6ffnet.<br \/>\n    Foto: Marcus Merk (Archivbild)<\/p>\n<p>        Schlie\u00dfen <\/p>\n<p>      Icon Schlie\u00dfen<\/p>\n<p>        Icon vergr\u00f6\u00dfern<\/p>\n<p>        Icon verkleinern<\/p>\n<p>      Icon Pfeil bewegen<\/p>\n<p>    Die Erdbeerfelder sind wieder ge\u00f6ffnet.<br \/>\n    Foto: Marcus Merk (Archivbild)<\/p>\n<p class=\"mb-6 text-xs md:text-m lg:text-l font-serif group-[.font-sans]:font-sans \">\n    Die Pfl\u00fccksaison endet vermutlich Anfang Juli, an den St\u00e4nden gebe es noch l\u00e4nger Erdbeeren. Denn dort werden sp\u00e4tere Sorten verkauft, die nicht auf den Feldern f\u00fcr Selbsternter ges\u00e4t werden. \u201eDie Verdi ist unsere Hauptsorte, die Ravella die sp\u00e4tere\u201c, erkl\u00e4rt Kraus. Beide st\u00fcnden f\u00fcr sch\u00f6ne, feine Fr\u00fcchte. Weil die Z\u00fcchtung von Erdbeeren aber weiterl\u00e4uft, \u00e4ndern sich auch laufend die Sorten.\n  <\/p>\n<p>            Sieben Felder im Landkreis Augsburg geh\u00f6ren zum Obstbauernhof Kraus<\/p>\n<p class=\"mb-6 text-xs md:text-m lg:text-l font-serif group-[.font-sans]:font-sans \">\n    Sieben Felder im Landkreis Augsburg geh\u00f6ren<a href=\"https:\/\/www.augsburger-allgemeine.de\/panorama\/lieblingsobst-der-deutschen-warum-sind-erdbeeren-2025-so-teuer-109195102\" target=\"_self\" class=\"underline \" rel=\"nofollow noopener\"> zum Obstbauernhof Kraus aus Gessertshausen<\/a>. In Gersthofen, Neus\u00e4\u00df, Steppach, Stadtbergen, Gessertshausen, Zusmarshausen, Lechhausen und Meitingen kann man auf den Feldern von Josef Kraus selbst Erdbeeren pfl\u00fccken. Die Erdbeerfelder von Obstbauer Kraus sind w\u00e4hrend der Erdbeersaison die ganze Woche zwischen 8.30 und 19 Uhr ge\u00f6ffnet.\n  <\/p>\n","protected":false},"excerpt":{"rendered":"Die Erdbeersaison ist wieder er\u00f6ffnet. Die kalten Tage in der vergangenen Woche haben den Start zwar um drei&hellip;\n","protected":false},"author":2,"featured_media":1044619,"comment_status":"","ping_status":"","sticky":false,"template":"","format":"standard","meta":{"footnotes":"","_share_on_mastodon":"0"},"categories":[1846],"tags":[680,772,3364,29,4838,43825,36672,548,663,3934,30,60334,136589,13,223695,2225,137026,14,144488,15,12,15156],"class_list":["post-1061250","post","type-post","status-publish","format-standard","has-post-thumbnail","category-augsburg","tag-augsburg","tag-bayern","tag-de","tag-deutschland","tag-erdbeere","tag-erdbeerfeld","tag-erdbeersaison","tag-eu","tag-europa","tag-europe","tag-germany","tag-gersthofen","tag-gessertshausen","tag-headlines","tag-josef-kraus","tag-landkreis","tag-landkreis-augsburg","tag-nachrichten","tag-neusaess","tag-news","tag-schlagzeilen","tag-vereinte-dienstleistungsgewerkschaft"],"share_on_mastodon":{"url":"https:\/\/pubeurope.com\/@de\/116673589527431176","error":""},"_links":{"self":[{"href":"https:\/\/www.europesays.com\/de\/wp-json\/wp\/v2\/posts\/1061250","targetHints":{"allow":["GET"]}}],"collection":[{"href":"https:\/\/www.europesays.com\/de\/wp-json\/wp\/v2\/posts"}],"about":[{"href":"https:\/\/www.europesays.com\/de\/wp-json\/wp\/v2\/types\/post"}],"author":[{"embeddable":true,"href":"https:\/\/www.europesays.com\/de\/wp-json\/wp\/v2\/users\/2"}],"replies":[{"embeddable":true,"href":"https:\/\/www.europesays.com\/de\/wp-json\/wp\/v2\/comments?post=1061250"}],"version-history":[{"count":0,"href":"https:\/\/www.europesays.com\/de\/wp-json\/wp\/v2\/posts\/1061250\/revisions"}],"wp:featuredmedia":[{"embeddable":true,"href":"https:\/\/www.europesays.com\/de\/wp-json\/wp\/v2\/media\/1044619"}],"wp:attachment":[{"href":"https:\/\/www.europesays.com\/de\/wp-json\/wp\/v2\/media?parent=1061250"}],"wp:term":[{"taxonomy":"category","embeddable":true,"href":"https:\/\/www.europesays.com\/de\/wp-json\/wp\/v2\/categories?post=1061250"},{"taxonomy":"post_tag","embeddable":true,"href":"https:\/\/www.europesays.com\/de\/wp-json\/wp\/v2\/tags?post=1061250"}],"curies":[{"name":"wp","href":"https:\/\/api.w.org\/{rel}","templated":true}]}}