{"id":1061417,"date":"2026-06-01T08:47:21","date_gmt":"2026-06-01T08:47:21","guid":{"rendered":"https:\/\/www.europesays.com\/de\/1061417\/"},"modified":"2026-06-01T08:47:21","modified_gmt":"2026-06-01T08:47:21","slug":"kammermusikgenuss-vom-feinsten-in-wuppertal","status":"publish","type":"post","link":"https:\/\/www.europesays.com\/de\/1061417\/","title":{"rendered":"Kammermusikgenuss vom Feinsten in Wuppertal"},"content":{"rendered":"<p class=\"text_ohne_einzug richtext text-em-55 !leading-serif mx-6 desktop:mx-0\">Gespannt erwartete das Publikum den Auftritt des Danel-Quartetts am Samstag im Kulturzentrum Immanuel. Und, um es vorweg zu sagen: Die Erwartungen wurden nicht nur erf\u00fcllt, sondern \u00fcbertroffen. Auch bei seinem dritten Konzert in Wuppertal zeigte das Quartett wieder all\u2018 die Qualit\u00e4ten, f\u00fcr die es so ber\u00fchmt ist und stellte damit unter Beweis, dass es wirklich zurzeit zu den weltbesten Streichquartetten geh\u00f6rt. Der Auftritt geriet zu einem wahren Triumph, das begeisterte Publikum wollte den Applaus nicht enden lassen.<\/p>\n","protected":false},"excerpt":{"rendered":"Gespannt erwartete das Publikum den Auftritt des Danel-Quartetts am Samstag im Kulturzentrum Immanuel. Und, um es vorweg zu&hellip;\n","protected":false},"author":2,"featured_media":1061418,"comment_status":"","ping_status":"","sticky":false,"template":"","format":"standard","meta":{"footnotes":"","_share_on_mastodon":"0"},"categories":[1840],"tags":[226383,3364,29,24811,30,63359,226386,226387,226384,1310,167700,810,31438,1209,5209,39491,226385,39490,145268,10421,4418],"class_list":["post-1061417","post","type-post","status-publish","format-standard","has-post-thumbnail","category-wuppertal","tag-danel","tag-de","tag-deutschland","tag-florence","tag-germany","tag-johannes-brahms","tag-kammermusikabend","tag-kammermusikreihe","tag-kammermusikrepertoires","tag-konzert","tag-millet","tag-musik","tag-musikhochschule","tag-nordrhein-westfalen","tag-publikum","tag-quartett","tag-quartetts","tag-streichquartett","tag-streichquartetten","tag-werk","tag-wuppertal"],"share_on_mastodon":{"url":"https:\/\/pubeurope.com\/@de\/116673986625743564","error":""},"_links":{"self":[{"href":"https:\/\/www.europesays.com\/de\/wp-json\/wp\/v2\/posts\/1061417","targetHints":{"allow":["GET"]}}],"collection":[{"href":"https:\/\/www.europesays.com\/de\/wp-json\/wp\/v2\/posts"}],"about":[{"href":"https:\/\/www.europesays.com\/de\/wp-json\/wp\/v2\/types\/post"}],"author":[{"embeddable":true,"href":"https:\/\/www.europesays.com\/de\/wp-json\/wp\/v2\/users\/2"}],"replies":[{"embeddable":true,"href":"https:\/\/www.europesays.com\/de\/wp-json\/wp\/v2\/comments?post=1061417"}],"version-history":[{"count":0,"href":"https:\/\/www.europesays.com\/de\/wp-json\/wp\/v2\/posts\/1061417\/revisions"}],"wp:featuredmedia":[{"embeddable":true,"href":"https:\/\/www.europesays.com\/de\/wp-json\/wp\/v2\/media\/1061418"}],"wp:attachment":[{"href":"https:\/\/www.europesays.com\/de\/wp-json\/wp\/v2\/media?parent=1061417"}],"wp:term":[{"taxonomy":"category","embeddable":true,"href":"https:\/\/www.europesays.com\/de\/wp-json\/wp\/v2\/categories?post=1061417"},{"taxonomy":"post_tag","embeddable":true,"href":"https:\/\/www.europesays.com\/de\/wp-json\/wp\/v2\/tags?post=1061417"}],"curies":[{"name":"wp","href":"https:\/\/api.w.org\/{rel}","templated":true}]}}