{"id":1061561,"date":"2026-06-01T10:07:31","date_gmt":"2026-06-01T10:07:31","guid":{"rendered":"https:\/\/www.europesays.com\/de\/1061561\/"},"modified":"2026-06-01T10:07:31","modified_gmt":"2026-06-01T10:07:31","slug":"radevormwald-firma-gira-wirbt-nun-auf-der-schwebebahn","status":"publish","type":"post","link":"https:\/\/www.europesays.com\/de\/1061561\/","title":{"rendered":"Radevormwald: Firma Gira wirbt nun auf der Schwebebahn"},"content":{"rendered":"<p class=\"text_ohne_einzug richtext text-em-55 !leading-serif mx-6 desktop:mx-0\"> Die <a href=\"https:\/\/rp-online.de\/thema\/wuppertaler-schwebebahn\/\" rel=\"nofollow noopener\" target=\"_blank\">Wuppertaler Schwebebahn<\/a> ist in Deutschland den meisten Menschen ein Begriff, selbst wenn sie noch nie vor Ort gewesen sind. Kein Wunder, denn das Wahrzeichen der Stadt gilt als Symbol f\u00fcr Innovation und deutsche Ingenieurskunst. Seit 1901 f\u00fchrt sie \u00fcber eine Strecke von 13 Kilometern zumeist oberhalb der <a href=\"https:\/\/rp-online.de\/thema\/wupper\/\" rel=\"nofollow noopener\" target=\"_blank\">Wupper<\/a> durch die gr\u00f6\u00dfte Stadt des Bergischen Lands.<\/p>\n<p class=\"richtext text-em-55 !leading-serif mx-6 desktop:mx-0\">Im 125.\u2005Jahr des Bestehens der Einschienen-Hochbahn, die die Stadtteile Vohwinkel und Oberbarmen verbindet, ist auch Geb\u00e4udetechnikspezialist und Smart-Building-Pionier Gira mit an Bord. An einem Schwebebahnzug ziert die Unterseite seiner zwei Wagen jeweils ein gro\u00dffl\u00e4chiges Gira-Logo, w\u00e4hrend seine Passagiere in Ankn\u00fcpfung an die Kommunikationslinie der aktuellen Markenkampagne des Technologiemittelst\u00e4ndlers aus Radevormwald direkt angesprochen werden: \u201eDu entscheidest, wie smart du unterwegs bist.\u201c<\/p>\n<p class=\"richtext text-em-55 !leading-serif mx-6 desktop:mx-0\">\u201eDies gilt nat\u00fcrlich nicht allein f\u00fcr die eigene Mobilit\u00e4t, sondern dar\u00fcber hinaus auch f\u00fcr das eigene Zuhause\u201c, erkl\u00e4rt Katrin Reiners, die bei Gira das Brand Management verantwortet. \u201eWir m\u00f6chten damit die Menschen dazu motivieren, sich mit dem Thema \u201aSmart Home\u2018 und Digitalisierung der eigenen vier W\u00e4nde bewusst auseinanderzusetzen \u2013 genauso, wie sie es auch bei der Wahl des Verkehrsmittels tun.\u201c<\/p>\n<p class=\"richtext text-em-55 !leading-serif mx-6 desktop:mx-0\">Dass Gira f\u00fcr seine \u201eDu entscheidest\u201c-Kampagne die Wuppertaler Schwebebahn nutzt, hat auch mit der besonderen Verbindung des Mittelst\u00e4ndlers zur Stadt an der Wupper zu tun. \u201eHier liegen die Wurzeln unseres Unternehmens, das kurz nach der Inbetriebnahme des innovativen und klimafreundlichen Verkehrsmittels in <a href=\"https:\/\/rp-online.de\/thema\/wuppertal\/\" rel=\"nofollow noopener\" target=\"_blank\">Wuppertal<\/a> gegr\u00fcndet worden ist\u201c, so Katrin Reiners. \u201eF\u00fcr uns ist die Schwebebahn ein echtes St\u00fcck Bergische Identit\u00e4t mit langer Tradition. Genauso wie Gira steht sie seit Anfang des 20. Jahrhunderts f\u00fcr Innovationsst\u00e4rke und Zukunftsorientierung in der Region.\u201c<\/p>\n","protected":false},"excerpt":{"rendered":"Die Wuppertaler Schwebebahn ist in Deutschland den meisten Menschen ein Begriff, selbst wenn sie noch nie vor Ort&hellip;\n","protected":false},"author":2,"featured_media":1061562,"comment_status":"","ping_status":"","sticky":false,"template":"","format":"standard","meta":{"footnotes":"","_share_on_mastodon":"0"},"categories":[1840],"tags":[3364,29,226405,134716,30,226404,1209,33325,17128,226407,11426,226406,23428,4418,6226],"class_list":["post-1061561","post","type-post","status-publish","format-standard","has-post-thumbnail","category-wuppertal","tag-de","tag-deutschland","tag-entscheidest","tag-genauso","tag-germany","tag-gira","tag-nordrhein-westfalen","tag-radevormwald","tag-schwebebahn","tag-schwebebahnzug","tag-smart","tag-verkehrsmittels","tag-wupper","tag-wuppertal","tag-wuppertaler"],"share_on_mastodon":{"url":"https:\/\/pubeurope.com\/@de\/116674301096722584","error":""},"_links":{"self":[{"href":"https:\/\/www.europesays.com\/de\/wp-json\/wp\/v2\/posts\/1061561","targetHints":{"allow":["GET"]}}],"collection":[{"href":"https:\/\/www.europesays.com\/de\/wp-json\/wp\/v2\/posts"}],"about":[{"href":"https:\/\/www.europesays.com\/de\/wp-json\/wp\/v2\/types\/post"}],"author":[{"embeddable":true,"href":"https:\/\/www.europesays.com\/de\/wp-json\/wp\/v2\/users\/2"}],"replies":[{"embeddable":true,"href":"https:\/\/www.europesays.com\/de\/wp-json\/wp\/v2\/comments?post=1061561"}],"version-history":[{"count":0,"href":"https:\/\/www.europesays.com\/de\/wp-json\/wp\/v2\/posts\/1061561\/revisions"}],"wp:featuredmedia":[{"embeddable":true,"href":"https:\/\/www.europesays.com\/de\/wp-json\/wp\/v2\/media\/1061562"}],"wp:attachment":[{"href":"https:\/\/www.europesays.com\/de\/wp-json\/wp\/v2\/media?parent=1061561"}],"wp:term":[{"taxonomy":"category","embeddable":true,"href":"https:\/\/www.europesays.com\/de\/wp-json\/wp\/v2\/categories?post=1061561"},{"taxonomy":"post_tag","embeddable":true,"href":"https:\/\/www.europesays.com\/de\/wp-json\/wp\/v2\/tags?post=1061561"}],"curies":[{"name":"wp","href":"https:\/\/api.w.org\/{rel}","templated":true}]}}