{"id":1061735,"date":"2026-06-01T11:49:20","date_gmt":"2026-06-01T11:49:20","guid":{"rendered":"https:\/\/www.europesays.com\/de\/1061735\/"},"modified":"2026-06-01T11:49:20","modified_gmt":"2026-06-01T11:49:20","slug":"29-05-bonn-59-jaehriger-wird-nach-widerstand-bei-einer-verkehrskontrolle-in-gewahrsam-genommen","status":"publish","type":"post","link":"https:\/\/www.europesays.com\/de\/1061735\/","title":{"rendered":"29.05.: Bonn: 59-J\u00e4hriger wird nach Widerstand bei einer Verkehrskontrolle in Gewahrsam genommen"},"content":{"rendered":"<p>&#13;<br \/>\n            <b>Bonn<\/b>. Am Freitagnachmittag, dem 29. Mai 2026, ereignete sich auf dem Kaiserplatz in der Bonner Innenstadt ein Vorfall, bei dem Polizeibeamte einen 59-j\u00e4hrigen Mann anhielten. Der Mann war mit einem eScooter unterwegs, der keinen g\u00fcltigen Versicherungsschutz besa\u00df. W\u00e4hrend der anschlie\u00dfenden Kontrolle weigerte sich der Mann, seine Personalien anzugeben, und verhielt sich verbal aggressiv gegen\u00fcber den Polizisten. Nachdem ihm erkl\u00e4rt wurde, dass eine Durchsuchung nach Personaldokumenten stattfinden w\u00fcrde, leistete er erheblichen Widerstand gegen die polizeilichen Ma\u00dfnahmen. Dieser Widerstand f\u00fchrte dazu, dass er schlie\u00dflich fixiert werden musste. <\/p>\n<p>Bei dem Einsatz erlitt ein 33-j\u00e4hriger Polizeibeamter leichte Verletzungen. Der 59-J\u00e4hrige wurde zur Feststellung seiner Personalien in das Polizeigewahrsam gebracht und nach einer erkennungsdienstlichen Behandlung wieder entlassen. Im Zuge der ersten Ermittlungen stellte sich heraus, dass das Versicherungskennzeichen des eScooters abgelaufen war und einem anderen Elektrokleinstfahrzeug zugeordnet war. <\/p>\n<p>Der Mann sieht sich nun mit Ermittlungen wegen Widerstands gegen Vollstreckungsbeamte, eines Versto\u00dfes gegen das Pflichtversicherungsgesetz sowie Urkundenf\u00e4lschung konfrontiert. Sein F\u00fchrerschein wurde von der Polizei sichergestellt. <\/p>\n<p>BA <\/p>\n<p>                <a href=\"https:\/\/www.blick-aktuell.de\/Nachrichten\/2806-Ein-Fall-von-Swatting-Polizeieinsatz-an-der-Heinrich-Boell-Gesamtschule-wies-keine-Hinweis-665410.html?StoryId=665565\" rel=\"nofollow noopener\" target=\"_blank\">&#13;<br \/>\n                  <img decoding=\"async\" class=\"img-responsive WebStoryLink-Image\" src=\"https:\/\/www.europesays.com\/de\/wp-content\/uploads\/2026\/06\/2806-Ein-Fall-von-Swatting-Polizeieinsatz-an-der-Heinrich-Boell-Gesamtschule-wies-keine-Hinweis-6654.jpeg\" alt=\"28.06.: Ein Fall von \u201eSwatting\u201c? Polizeieinsatz an der Heinrich-B\u00f6ll-Gesamtschule wies keine Hinweis\"\/>&#13;<br \/>\n                <\/a><\/p>\n<p>                <a href=\"https:\/\/www.blick-aktuell.de\/Nachrichten\/2805-Grosseinsatz-an-Schule-Drohung-sorgt-fuer-Polizeieinsatz-665322.html?StoryId=665565\" rel=\"nofollow noopener\" target=\"_blank\">&#13;<br \/>\n                  <img decoding=\"async\" class=\"img-responsive WebStoryLink-Image\" src=\"https:\/\/www.europesays.com\/de\/wp-content\/uploads\/2026\/06\/2805-Grosseinsatz-an-Schule-Drohung-sorgt-fuer-Polizeieinsatz-665322t.jpg\" alt=\"28.05.: Gro\u00dfeinsatz an Schule: Drohung sorgt f\u00fcr Polizeieinsatz\"\/>&#13;<br \/>\n                <\/a><\/p>\n<p>                <a href=\"https:\/\/www.blick-aktuell.de\/Berichte\/Quiz-Wie-gut-kennt-ihr-euch-in-Bonn-aus-653640.html?StoryId=665565\" rel=\"nofollow noopener\" target=\"_blank\">&#13;<br \/>\n                  <img decoding=\"async\" class=\"img-responsive WebStoryLink-Image\" src=\"https:\/\/www.europesays.com\/de\/wp-content\/uploads\/2026\/02\/Quiz-Wie-gut-kennt-ihr-euch-in-Bonn-aus-653640t.jpg\" alt=\"Quiz: Wie gut kennt ihr euch in Bonn aus?\"\/>&#13;<br \/>\n                <\/a><\/p>\n","protected":false},"excerpt":{"rendered":"&#13; Bonn. Am Freitagnachmittag, dem 29. Mai 2026, ereignete sich auf dem Kaiserplatz in der Bonner Innenstadt ein&hellip;\n","protected":false},"author":2,"featured_media":1061736,"comment_status":"","ping_status":"","sticky":false,"template":"","format":"standard","meta":{"footnotes":"","_share_on_mastodon":"0"},"categories":[1842],"tags":[1741,3364,29,30,6057,1209,121,8183,13467],"class_list":["post-1061735","post","type-post","status-publish","format-standard","has-post-thumbnail","category-bonn","tag-bonn","tag-de","tag-deutschland","tag-germany","tag-gewahrsam","tag-nordrhein-westfalen","tag-polizei","tag-verkehrskontrolle","tag-widerstand"],"share_on_mastodon":{"url":"https:\/\/pubeurope.com\/@de\/116674702422163477","error":""},"_links":{"self":[{"href":"https:\/\/www.europesays.com\/de\/wp-json\/wp\/v2\/posts\/1061735","targetHints":{"allow":["GET"]}}],"collection":[{"href":"https:\/\/www.europesays.com\/de\/wp-json\/wp\/v2\/posts"}],"about":[{"href":"https:\/\/www.europesays.com\/de\/wp-json\/wp\/v2\/types\/post"}],"author":[{"embeddable":true,"href":"https:\/\/www.europesays.com\/de\/wp-json\/wp\/v2\/users\/2"}],"replies":[{"embeddable":true,"href":"https:\/\/www.europesays.com\/de\/wp-json\/wp\/v2\/comments?post=1061735"}],"version-history":[{"count":0,"href":"https:\/\/www.europesays.com\/de\/wp-json\/wp\/v2\/posts\/1061735\/revisions"}],"wp:featuredmedia":[{"embeddable":true,"href":"https:\/\/www.europesays.com\/de\/wp-json\/wp\/v2\/media\/1061736"}],"wp:attachment":[{"href":"https:\/\/www.europesays.com\/de\/wp-json\/wp\/v2\/media?parent=1061735"}],"wp:term":[{"taxonomy":"category","embeddable":true,"href":"https:\/\/www.europesays.com\/de\/wp-json\/wp\/v2\/categories?post=1061735"},{"taxonomy":"post_tag","embeddable":true,"href":"https:\/\/www.europesays.com\/de\/wp-json\/wp\/v2\/tags?post=1061735"}],"curies":[{"name":"wp","href":"https:\/\/api.w.org\/{rel}","templated":true}]}}