{"id":1061755,"date":"2026-06-01T11:59:19","date_gmt":"2026-06-01T11:59:19","guid":{"rendered":"https:\/\/www.europesays.com\/de\/1061755\/"},"modified":"2026-06-01T11:59:19","modified_gmt":"2026-06-01T11:59:19","slug":"werder-bremen-schraege-aussagen-schiesst-sich-milosevic-endgueltig-ins-aus-sport","status":"publish","type":"post","link":"https:\/\/www.europesays.com\/de\/1061755\/","title":{"rendered":"Werder Bremen: Schr\u00e4ge Aussagen! Schie\u00dft sich Milosevic endg\u00fcltig ins Aus? | Sport"},"content":{"rendered":"<p><b>Erst Tor-Hoffnung, dann Verletzungspech, Formkrise und jetzt irritierende Worte! Jovan Milosevic steckt in einer schweren Phase. Werder denkt trotz schwacher Monate noch \u00fcber ihn als Not-L\u00f6sung nach.<\/b><\/p>\n<p>Das will der Serbe offenbar nicht. Was Milosevic \u00fcber seine Zukunft sagt und mit welchen schr\u00e4gen Aussagen er jetzt f\u00fcr Wirbel sorgt, lesen Sie mit BILDplus.<\/p>\n","protected":false},"excerpt":{"rendered":"Erst Tor-Hoffnung, dann Verletzungspech, Formkrise und jetzt irritierende Worte! Jovan Milosevic steckt in einer schweren Phase. Werder denkt&hellip;\n","protected":false},"author":2,"featured_media":1061756,"comment_status":"","ping_status":"","sticky":false,"template":"","format":"standard","meta":{"footnotes":"","_share_on_mastodon":"0"},"categories":[1824],"tags":[2420,3364,29,538,30,186194,542,7649,537],"class_list":["post-1061755","post","type-post","status-publish","format-standard","has-post-thumbnail","category-bremen","tag-bremen","tag-de","tag-deutschland","tag-erste-bundesliga","tag-germany","tag-milosevic-jovan","tag-sport-leuchtturm-hamburg","tag-thioune-daniel","tag-werder-bremen"],"share_on_mastodon":{"url":"","error":""},"_links":{"self":[{"href":"https:\/\/www.europesays.com\/de\/wp-json\/wp\/v2\/posts\/1061755","targetHints":{"allow":["GET"]}}],"collection":[{"href":"https:\/\/www.europesays.com\/de\/wp-json\/wp\/v2\/posts"}],"about":[{"href":"https:\/\/www.europesays.com\/de\/wp-json\/wp\/v2\/types\/post"}],"author":[{"embeddable":true,"href":"https:\/\/www.europesays.com\/de\/wp-json\/wp\/v2\/users\/2"}],"replies":[{"embeddable":true,"href":"https:\/\/www.europesays.com\/de\/wp-json\/wp\/v2\/comments?post=1061755"}],"version-history":[{"count":0,"href":"https:\/\/www.europesays.com\/de\/wp-json\/wp\/v2\/posts\/1061755\/revisions"}],"wp:featuredmedia":[{"embeddable":true,"href":"https:\/\/www.europesays.com\/de\/wp-json\/wp\/v2\/media\/1061756"}],"wp:attachment":[{"href":"https:\/\/www.europesays.com\/de\/wp-json\/wp\/v2\/media?parent=1061755"}],"wp:term":[{"taxonomy":"category","embeddable":true,"href":"https:\/\/www.europesays.com\/de\/wp-json\/wp\/v2\/categories?post=1061755"},{"taxonomy":"post_tag","embeddable":true,"href":"https:\/\/www.europesays.com\/de\/wp-json\/wp\/v2\/tags?post=1061755"}],"curies":[{"name":"wp","href":"https:\/\/api.w.org\/{rel}","templated":true}]}}