{"id":1061873,"date":"2026-06-01T13:08:26","date_gmt":"2026-06-01T13:08:26","guid":{"rendered":"https:\/\/www.europesays.com\/de\/1061873\/"},"modified":"2026-06-01T13:08:26","modified_gmt":"2026-06-01T13:08:26","slug":"hunderte-festnahmen-nach-krawallen-in-frankreich","status":"publish","type":"post","link":"https:\/\/www.europesays.com\/de\/1061873\/","title":{"rendered":"Hunderte Festnahmen nach Krawallen in Frankreich"},"content":{"rendered":"<p>Nach dem Champions-League-Sieg von Paris Saint-Germain (PSG) ist es in Frankreich zu schweren Ausschreitungen gekommen. Wie Innenminister Laurent Nu\u00f1ez mitteilte, wurden in der Nacht auf Sonntag landesweit 780 Personen festgenommen, davon 480 im Gro\u00dfraum Paris.<\/p>\n<p>W\u00e4hrend Zehntausende Fans den Erfolg ihrer Mannschaft auf den Champs-\u00c9lys\u00e9es und rund um das Stadion Parc des Princes feierten, kam es an mehreren Orten zu Krawallen von haupts\u00e4chlich jugendlichen Migranten.<\/p>\n<p>Die Randalierer besch\u00e4digten Fahrzeuge und Gesch\u00e4fte, legten Br\u00e4nde und griffen Einsatzkr\u00e4fte an. Die Polizei setzte unter anderem Tr\u00e4nengas ein. Nach Angaben der Beh\u00f6rden wurden 57 Polizisten und Gendarmen verletzt. Zudem versuchten St\u00f6rer zeitweise, den Pariser Stadtring zu blockieren und eine Polizeiwache zu st\u00fcrmen.<\/p>\n<p class=\"isSelectedEnd\">F\u00fcr die Sicherheit waren landesweit rund 22.000 Polizisten und Gendarmen im Einsatz, davon etwa 8.000 in Paris. Franz\u00f6sischen Medien zufolge kam bei den Vorf\u00e4llen mit randalierenden Migranten au\u00dferdem ein Mann bei einem Unfall mit einem Zweirad ums Leben. Trotz der Ausschreitungen sollen die offiziellen Feierlichkeiten f\u00fcr die Mannschaft fortgesetzt werden.<\/p>\n","protected":false},"excerpt":{"rendered":"Nach dem Champions-League-Sieg von Paris Saint-Germain (PSG) ist es in Frankreich zu schweren Ausschreitungen gekommen. Wie Innenminister Laurent&hellip;\n","protected":false},"author":2,"featured_media":1061874,"comment_status":"","ping_status":"","sticky":false,"template":"","format":"standard","meta":{"footnotes":"","_share_on_mastodon":"0"},"categories":[3974],"tags":[331,332,19322,8737,548,663,3934,3980,156,1724,13,19324,3074,14,15,19319,1433,19320,16,19323,12,265,19318,19317,19321,19325,103],"class_list":["post-1061873","post","type-post","status-publish","format-standard","has-post-thumbnail","category-frankreich","tag-aktuelle-nachrichten","tag-aktuelle-news","tag-chronik","tag-diskussion","tag-eu","tag-europa","tag-europe","tag-france","tag-frankreich","tag-gesellschaft","tag-headlines","tag-mediengeschehen","tag-meinung","tag-nachrichten","tag-news","tag-nordtirol","tag-oesterreich","tag-osttirol","tag-politik","tag-presseklick","tag-schlagzeilen","tag-sport","tag-suedtirol","tag-unsertirol24","tag-ut24","tag-ut24-blog","tag-welt"],"share_on_mastodon":{"url":"https:\/\/pubeurope.com\/@de\/116675012870876947","error":""},"_links":{"self":[{"href":"https:\/\/www.europesays.com\/de\/wp-json\/wp\/v2\/posts\/1061873","targetHints":{"allow":["GET"]}}],"collection":[{"href":"https:\/\/www.europesays.com\/de\/wp-json\/wp\/v2\/posts"}],"about":[{"href":"https:\/\/www.europesays.com\/de\/wp-json\/wp\/v2\/types\/post"}],"author":[{"embeddable":true,"href":"https:\/\/www.europesays.com\/de\/wp-json\/wp\/v2\/users\/2"}],"replies":[{"embeddable":true,"href":"https:\/\/www.europesays.com\/de\/wp-json\/wp\/v2\/comments?post=1061873"}],"version-history":[{"count":0,"href":"https:\/\/www.europesays.com\/de\/wp-json\/wp\/v2\/posts\/1061873\/revisions"}],"wp:featuredmedia":[{"embeddable":true,"href":"https:\/\/www.europesays.com\/de\/wp-json\/wp\/v2\/media\/1061874"}],"wp:attachment":[{"href":"https:\/\/www.europesays.com\/de\/wp-json\/wp\/v2\/media?parent=1061873"}],"wp:term":[{"taxonomy":"category","embeddable":true,"href":"https:\/\/www.europesays.com\/de\/wp-json\/wp\/v2\/categories?post=1061873"},{"taxonomy":"post_tag","embeddable":true,"href":"https:\/\/www.europesays.com\/de\/wp-json\/wp\/v2\/tags?post=1061873"}],"curies":[{"name":"wp","href":"https:\/\/api.w.org\/{rel}","templated":true}]}}