{"id":1061943,"date":"2026-06-01T13:47:27","date_gmt":"2026-06-01T13:47:27","guid":{"rendered":"https:\/\/www.europesays.com\/de\/1061943\/"},"modified":"2026-06-01T13:47:27","modified_gmt":"2026-06-01T13:47:27","slug":"eilentscheidung-des-berliner-verwaltungsgerichts-goerlitzer-park-muss-nachts-zunaechst-wieder-offen-bleiben","status":"publish","type":"post","link":"https:\/\/www.europesays.com\/de\/1061943\/","title":{"rendered":"Eilentscheidung des Berliner Verwaltungsgerichts: G\u00f6rlitzer Park muss nachts zun\u00e4chst wieder offen bleiben"},"content":{"rendered":"<p class=\"tspCHpa tspCHpb\">Der G\u00f6rlitzer Park in Berlin-Kreuzberg muss zun\u00e4chst nachts wieder ge\u00f6ffnet werden. Das hat das Verwaltungsgericht Berlin im Eilverfahren entschieden. Ein Gerichtssprecher best\u00e4tigte eine entsprechende Mitteilung der klagenden Initiative. Diese wehrte sich damit im Eilverfahren erfolgreich gegen eine sogenannte Allgemeinverf\u00fcgung, mit der der Senat die \u00d6ffnungszeiten des Parks festlegte. Eine endg\u00fcltige Entscheidung des Gerichts ist das nicht, die erfolgt sp\u00e4ter im Hauptverfahren. <\/p>\n<p>Bezirke-Newsletter: Friedrichshain-Kreuzberg<\/p>\n<p><img decoding=\"async\" src=\"https:\/\/www.europesays.com\/de\/wp-content\/uploads\/2025\/04\/icon-friedrichshain-kreuzberg.png\" alt=\"\" class=\"tspCTg0\"\/><\/p>\n<p class=\"tspCTmm\"> Mehr Neuigkeiten zum Bezirk gibt es in unserem Newsletter \u2014 jede Woche per E-Mail. <\/p>\n<p class=\"tspCHpa\">Aus Sicht der Kl\u00e4ger ist die Senatsverwaltung f\u00fcr Mobilit\u00e4t, Verkehr, Klimaschutz und Umwelt nicht zu so einem Eingriff berechtigt. Zudem greife der Senat unverh\u00e4ltnism\u00e4\u00dfig in die Rechte und Freiheiten der Anwohner und Parknutzer ein, argumentieren sie. Konkret klagen f\u00fcnf Anwohner und Mitglieder des B\u00fcndnisses \u201eG\u00f6rli zaunfrei\u201c. <\/p>\n<p> Beschwerde bei OVG m\u00f6glich <\/p>\n<p class=\"tspCHpa\">Im Eilverfahren kamen die Richter zu der Einsch\u00e4tzung, dass die Klage Erfolg haben k\u00f6nnte. Darum soll die Allgemeinverf\u00fcgung der Senatsverwaltung nicht gelten, bis die Kammer den Fall im Hauptsacheverfahren gr\u00fcndlich gepr\u00fcft hat. Gegen diese Entscheidung kann die Senatsverwaltung bei der n\u00e4chsth\u00f6heren Instanz, dem Oberverwaltungsgericht (OVG) Berlin-Brandenburg, Beschwerde einlegen. <\/p>\n<p class=\"tspCHpa\">Der G\u00f6rlitzer Park wurde nach jahrelangen Debatten seit Anfang M\u00e4rz jeden Abend um 22 Uhr geschlossen. Eine Ausnahme gab es zum 1. Mai. F\u00fcr die Schlie\u00dfung wurden 16 Eingangstore errichtet. Der Senat aus CDU und SPD hatte die Ma\u00dfnahme 2023 beschlossen, um den ausgeuferten Drogenhandel und weitere Kriminalit\u00e4t einzud\u00e4mmen. Nach dem Sommer sollen die Auswirkungen in einer wissenschaftlichen Studie untersucht werden.<\/p>\n<p>Zahlen zu der Kriminalit\u00e4t im G\u00f6rlitzer Park:<\/p>\n<p class=\"tspCHpa\">Die Senatsverwaltung hat in einer 37-seitigen Stellungnahme auf die Klage reagiert und argumentiert, dass sich im Park eine offene Drogenszene mit hoher Kriminalit\u00e4tsrate entwickelt hatte. In den vergangenen zwei Jahren vom 1. M\u00e4rz 2024 bis 28. Februar 2026 wurden 1956 Straftaten erfasst.<\/p>\n<p>Neben Bet\u00e4ubungsmitteldelikten waren vor allem Gewalt- und Eigentumsdelikte vorherrschend, ebenso spielten Sexualdelikte eine Rolle. 325 dieser Straftaten waren solche von \u201eerheblicher Bedeutung\u201c \u2013 und davon wiederum fanden 128, also 40 Prozent, in der Nachtzeit zwischen 22 und 6 Uhr statt.<\/p>\n<p> Anwohner berichten von negativen Folgen  <\/p>\n<p class=\"tspCHpa\">Die Kl\u00e4ger zogen Mitte M\u00e4rz gegen die entsprechende Allgemeinverf\u00fcgung vom Februar vor Gericht. Ihnen gehe es dabei nach Angaben von Rechtsanwalt David Werdermann um vier Punkte: Erstens sei der Senat nicht zust\u00e4ndig f\u00fcr die Gr\u00fcnanlage des Bezirks. Zweitens l\u00e4gen f\u00fcr die Definition der Polizei f\u00fcr den Park als sogenannter kriminalit\u00e4tsbelasteter Ort keine konkreten Zahlen vor. Zudem betreffe der Eingriff durch die n\u00e4chtliche Schlie\u00dfung nicht nur Kriminelle, sondern alle Anwohner. Und viertens sei die Ma\u00dfnahme wirkungslos, weil sich die Kriminalit\u00e4t verlagern werde. <\/p>\n<p class=\"tspCHpa\">Nach Schilderungen von Anwohnern sei diese Verlagerung seit der Schlie\u00dfung des Parks bereits zu beobachten, hei\u00dft es in der Klageschrift. Wohnungslose \u00fcbernachteten in benachbarten Mehrfamilienh\u00e4usern, Drogenabh\u00e4ngige konsumierten in Treppenh\u00e4usern. <\/p>\n<p class=\"tspCHpa\">Die Initiative will die Eilentscheidung am Montagabend feiern. Auf der Website der Initiatoren hei\u00dft es: <a href=\"https:\/\/goerlizaunfrei.noblogs.org\/\" target=\"_blank\" rel=\"noopener nofollow\" class=\"link link--external\" data-gtm-class=\"article-text-link\" data-gtm-val=\"external\" aria-describedby=\"message-target-blank\">\u201eHeute Abend Party im G\u00f6rli, 20 Uhr in der Kuhle!\u201c<\/a><\/p>\n<p> Bezirk gegen n\u00e4chtliche Schlie\u00dfung <\/p>\n<p class=\"tspCHpa\">Auch der zust\u00e4ndige Bezirk Friedrichshain-Kreuzberg ist gegen die Schlie\u00dfung des Parks und geht ebenfalls juristisch gegen das Eingreifen des Senats vor. Im Eilverfahren wehrte er sich jedoch erfolglos gegen die Ma\u00dfnahmen. Im Hauptsacheverfahren hat das Verwaltungsgericht noch nicht entschieden.<\/p>\n<p>Lesen Sie auch<a href=\"https:\/\/www.tagesspiegel.de\/berlin\/bezirke\/friedrichshain-kreuzberg\/anwohner-klagen-gegen-die-parkschliessung-das-steht-in-den-gorli-akten-15649439.html?icid=topic-list_15662974___\" data-gtm-class=\"article-mzt-link\" data-hydrate-fingerprint=\"09740a54944caac75fd2c0c63fd5c5df\" data-hydrate-props=\"{&amp;escapedquot;element&amp;escapedquot;:{&amp;escapedquot;type&amp;escapedquot;:&amp;escapedquot;relatedContent&amp;escapedquot;,&amp;escapedquot;fieldMap&amp;escapedquot;:{},&amp;escapedquot;relation&amp;escapedquot;:{&amp;escapedquot;fields&amp;escapedquot;:{&amp;escapedquot;isPaid&amp;escapedquot;:true},&amp;escapedquot;href&amp;escapedquot;:&amp;escapedquot;\/berlin\/bezirke\/friedrichshain-kreuzberg\/anwohner-klagen-gegen-die-parkschliessung-das-steht-in-den-gorli-akten-15649439.html&amp;escapedquot;,&amp;escapedquot;teaserTitle&amp;escapedquot;:{&amp;escapedquot;kicker&amp;escapedquot;:&amp;escapedquot;Anwohner klagen gegen Parkschlie\u00dfung&amp;escapedquot;,&amp;escapedquot;headline&amp;escapedquot;:&amp;escapedquot;Das steht in den G\u00f6rli-Akten \u2013 von Straftaten bis K.I.Z-Streit&amp;escapedquot;},&amp;escapedquot;id&amp;escapedquot;:&amp;escapedquot;15649439&amp;escapedquot;,&amp;escapedquot;type&amp;escapedquot;:&amp;escapedquot;story&amp;escapedquot;},&amp;escapedquot;isPartOfList&amp;escapedquot;:true,&amp;escapedquot;topicListType&amp;escapedquot;:&amp;escapedquot;topic-list&amp;escapedquot;},&amp;escapedquot;showArrow&amp;escapedquot;:true}\" data-hydrate-slots=\"{&#039;default&#039;:[]}\" class=\"tspCVqv tspC0q4\" rel=\"nofollow noopener\" target=\"_blank\">Anwohner klagen gegen Parkschlie\u00dfung Das steht in den G\u00f6rli-Akten \u2013 von Straftaten bis K.I.Z-Streit <\/a><a href=\"https:\/\/www.tagesspiegel.de\/berlin\/bezirke\/friedrichshain-kreuzberg\/klage-gegen-schliessung-jetzt-kommt-der-berliner-gorlitzer-park-vor-gericht-15360382.html?icid=topic-list_15662974___\" data-gtm-class=\"article-mzt-link\" data-hydrate-fingerprint=\"09740a54944caac75fd2c0c63fd5c5df\" data-hydrate-props=\"{&amp;escapedquot;element&amp;escapedquot;:{&amp;escapedquot;type&amp;escapedquot;:&amp;escapedquot;relatedContent&amp;escapedquot;,&amp;escapedquot;fieldMap&amp;escapedquot;:{},&amp;escapedquot;relation&amp;escapedquot;:{&amp;escapedquot;fields&amp;escapedquot;:{&amp;escapedquot;isPaid&amp;escapedquot;:false},&amp;escapedquot;href&amp;escapedquot;:&amp;escapedquot;\/berlin\/bezirke\/friedrichshain-kreuzberg\/klage-gegen-schliessung-jetzt-kommt-der-berliner-gorlitzer-park-vor-gericht-15360382.html&amp;escapedquot;,&amp;escapedquot;teaserTitle&amp;escapedquot;:{&amp;escapedquot;kicker&amp;escapedquot;:&amp;escapedquot;Initiative klagt gegen n\u00e4chtliche Schlie\u00dfung&amp;escapedquot;,&amp;escapedquot;headline&amp;escapedquot;:&amp;escapedquot;Jetzt kommt der Berliner G\u00f6rlitzer Park vor Gericht&amp;escapedquot;},&amp;escapedquot;id&amp;escapedquot;:&amp;escapedquot;15360382&amp;escapedquot;,&amp;escapedquot;type&amp;escapedquot;:&amp;escapedquot;story&amp;escapedquot;},&amp;escapedquot;isPartOfList&amp;escapedquot;:true,&amp;escapedquot;topicListType&amp;escapedquot;:&amp;escapedquot;topic-list&amp;escapedquot;},&amp;escapedquot;showArrow&amp;escapedquot;:true}\" data-hydrate-slots=\"{&#039;default&#039;:[]}\" class=\"tspCVqv tspC0q4\" rel=\"nofollow noopener\" target=\"_blank\">Initiative klagt gegen n\u00e4chtliche Schlie\u00dfung Jetzt kommt der Berliner G\u00f6rlitzer Park vor Gericht <\/a><a href=\"https:\/\/www.tagesspiegel.de\/berlin\/bezirke\/friedrichshain-kreuzberg\/neue-zahlen-zum-gorlitzer-park-in-berlin-grossteil-der-straftaten-findet-ausserhalb-des-gorli-statt-15392393.html?icid=topic-list_15662974___\" data-gtm-class=\"article-mzt-link\" data-hydrate-fingerprint=\"09740a54944caac75fd2c0c63fd5c5df\" data-hydrate-props=\"{&amp;escapedquot;element&amp;escapedquot;:{&amp;escapedquot;type&amp;escapedquot;:&amp;escapedquot;relatedContent&amp;escapedquot;,&amp;escapedquot;fieldMap&amp;escapedquot;:{},&amp;escapedquot;relation&amp;escapedquot;:{&amp;escapedquot;fields&amp;escapedquot;:{&amp;escapedquot;isPaid&amp;escapedquot;:true},&amp;escapedquot;href&amp;escapedquot;:&amp;escapedquot;\/berlin\/bezirke\/friedrichshain-kreuzberg\/neue-zahlen-zum-gorlitzer-park-in-berlin-grossteil-der-straftaten-findet-ausserhalb-des-gorli-statt-15392393.html&amp;escapedquot;,&amp;escapedquot;teaserTitle&amp;escapedquot;:{&amp;escapedquot;kicker&amp;escapedquot;:&amp;escapedquot;Neue Zahlen zum G\u00f6rlitzer Park in Berlin&amp;escapedquot;,&amp;escapedquot;headline&amp;escapedquot;:&amp;escapedquot;Gro\u00dfteil der Straftaten findet au\u00dferhalb des G\u00f6rli statt&amp;escapedquot;},&amp;escapedquot;id&amp;escapedquot;:&amp;escapedquot;15392393&amp;escapedquot;,&amp;escapedquot;type&amp;escapedquot;:&amp;escapedquot;story&amp;escapedquot;},&amp;escapedquot;isPartOfList&amp;escapedquot;:true,&amp;escapedquot;topicListType&amp;escapedquot;:&amp;escapedquot;topic-list&amp;escapedquot;},&amp;escapedquot;showArrow&amp;escapedquot;:true}\" data-hydrate-slots=\"{&#039;default&#039;:[]}\" class=\"tspCVqv tspC0q4\" rel=\"nofollow noopener\" target=\"_blank\">Neue Zahlen zum G\u00f6rlitzer Park in Berlin Gro\u00dfteil der Straftaten findet au\u00dferhalb des G\u00f6rli statt <\/a><\/p>\n<p class=\"tspCHpa\">Im Eilverfahren hatten die Richter 2024 \u201ekein Abwehrrecht\u201c des Bezirks gegen den Eingriff und die Entscheidung des Senats gesehen. Er sei keine eigenst\u00e4ndige Gemeinde, sondern nehme Aufgaben als nachgeordneter Teil der Einheitsgemeinde Berlin wahr, hie\u00df es. (Tsp\/ dpa)<\/p>\n","protected":false},"excerpt":{"rendered":"Der G\u00f6rlitzer Park in Berlin-Kreuzberg muss zun\u00e4chst nachts wieder ge\u00f6ffnet werden. Das hat das Verwaltungsgericht Berlin im Eilverfahren&hellip;\n","protected":false},"author":2,"featured_media":1061944,"comment_status":"","ping_status":"","sticky":false,"template":"","format":"standard","meta":{"footnotes":"","_share_on_mastodon":"0"},"categories":[1825],"tags":[296,29,30,1924],"class_list":["post-1061943","post","type-post","status-publish","format-standard","has-post-thumbnail","category-berlin","tag-berlin","tag-deutschland","tag-germany","tag-goerlitzer-park"],"share_on_mastodon":{"url":"https:\/\/pubeurope.com\/@de\/116675168018184245","error":""},"_links":{"self":[{"href":"https:\/\/www.europesays.com\/de\/wp-json\/wp\/v2\/posts\/1061943","targetHints":{"allow":["GET"]}}],"collection":[{"href":"https:\/\/www.europesays.com\/de\/wp-json\/wp\/v2\/posts"}],"about":[{"href":"https:\/\/www.europesays.com\/de\/wp-json\/wp\/v2\/types\/post"}],"author":[{"embeddable":true,"href":"https:\/\/www.europesays.com\/de\/wp-json\/wp\/v2\/users\/2"}],"replies":[{"embeddable":true,"href":"https:\/\/www.europesays.com\/de\/wp-json\/wp\/v2\/comments?post=1061943"}],"version-history":[{"count":0,"href":"https:\/\/www.europesays.com\/de\/wp-json\/wp\/v2\/posts\/1061943\/revisions"}],"wp:featuredmedia":[{"embeddable":true,"href":"https:\/\/www.europesays.com\/de\/wp-json\/wp\/v2\/media\/1061944"}],"wp:attachment":[{"href":"https:\/\/www.europesays.com\/de\/wp-json\/wp\/v2\/media?parent=1061943"}],"wp:term":[{"taxonomy":"category","embeddable":true,"href":"https:\/\/www.europesays.com\/de\/wp-json\/wp\/v2\/categories?post=1061943"},{"taxonomy":"post_tag","embeddable":true,"href":"https:\/\/www.europesays.com\/de\/wp-json\/wp\/v2\/tags?post=1061943"}],"curies":[{"name":"wp","href":"https:\/\/api.w.org\/{rel}","templated":true}]}}