{"id":1062001,"date":"2026-06-01T14:18:30","date_gmt":"2026-06-01T14:18:30","guid":{"rendered":"https:\/\/www.europesays.com\/de\/1062001\/"},"modified":"2026-06-01T14:18:30","modified_gmt":"2026-06-01T14:18:30","slug":"1840-kinder-aus-dem-kreis-guetersloh-feiern-riesiges-liederfest","status":"publish","type":"post","link":"https:\/\/www.europesays.com\/de\/1062001\/","title":{"rendered":"1840 Kinder aus dem Kreis G\u00fctersloh feiern riesiges Liederfest"},"content":{"rendered":"<p>Bei \u201eKlasse! Wir singen\u201c in der Stadthalle G\u00fctersloh feierten 1840 Kinder ein gro\u00dfes Liederfest, bei dem sich die Kraft des Singens zeigte.<\/p>\n<p>G\u00fctersloh (gl) &#8211; Seit 2007 schwappt sie durch die bundesdeutschen Hallen: die Begeisterungswelle f\u00fcrs gemeinsame Singen, die der fr\u00fchere Braunschweiger Domkantor und heutige Musikschulp\u00e4dagoge Gerd-Peter M\u00fcnden unter dem Titel \u201eKlasse! Wir singen\u201c losgetreten hat. Am Wochenende flutete sie gleich\u2026<\/p>\n<p>            <img decoding=\"async\" src=\"https:\/\/www.die-glocke.de\/typo3conf\/ext\/bo_dieglocke_template\/Resources\/Public\/Images\/logo\/glocke_plus_icon.svg\" class=\"pwTopImage\" alt=\"Glocke Plus\"\/><\/p>\n<p>                Jetzt weiterlesen mit G+<\/p>\n<p class=\"card-text equal-height text-center\" data-equalheightgroup=\"1\">\n                0,99 \u20ac im 1. Monat \u2013 monatlich k\u00fcndbar\n            <\/p>\n<tr>\n<tr>\n<td class=\"w-25px p-1\">\n<\/td>\n<td class=\"p-1\">\n<p>                                            aktuelle Nachrichten rund um die Uhr<\/p>\n<\/td>\n<\/tr>\n<tr>\n<td class=\"w-25px p-1\">\n<\/td>\n<td class=\"p-1\">\n<p>                                            nur 79 \u20ac (ab dem 13. Monat 7,90 \u20ac monatlich)<\/p>\n<\/td>\n<\/tr>\n<tr>\n<td class=\"w-25px p-1\">\n<\/td>\n<td class=\"p-1\">\n<p>                                            nach 12 Monaten Mindestlaufzeit monatlich k\u00fcndbar<\/p>\n<\/td>\n<\/tr>\n<tr>\n<td class=\"w-25px p-1\">\n<\/td>\n<td class=\"p-1\">\n<p>                                            sparen Sie 15,80 \u20ac gegen\u00fcber dem Monatsabo<\/p>\n<\/td>\n<\/tr>\n<\/tr>\n<p>\n                        79 \u20ac f\u00fcr 12 Monate\n                    <\/p>\n<p>                    <a class=\"btn link-primary border rounded border-2 border-primary d-block w-100 mb-4\" href=\"https:\/\/shop.die-glocke.de\/bestellen\/g-jahresabo-bc91?type=paypal&amp;upscore_object_id=93158af5-13a7-4bf7-9590-3795ba088f73-Portal&amp;upscore_offer_id=&amp;upscore_click_id=&amp;upscore_object_url=https%3A%2F%2Fwww.die-glocke.de%2Fkreis-guetersloh%2Fguetersloh%2Fartikel%2F1840-kinder-aus-dem-kreis-guetersloh-feiern-riesiges-liederfest-1780321809&amp;target=https%3A%2F%2Fwww.die-glocke.de%2Fkreis-guetersloh%2Fguetersloh%2Fartikel%2F1840-kinder-aus-dem-kreis-guetersloh-feiern-riesiges-liederfest-1780321809\" rel=\"nofollow noopener\" target=\"_blank\"><br \/>\n                        <strong>Jahresabo bestellen mit <\/strong><br \/>\n                        <img loading=\"lazy\" decoding=\"async\" class=\"me-2 icon-paypal\" src=\"https:\/\/www.die-glocke.de\/fileadmin\/images\/demo\/paypal.svg\" width=\"65\" height=\"15\" alt=\"Paypal\"\/><br \/>\n                    <\/a><\/p>\n<p>                    <a class=\"paywall_order_btn-668975\" href=\"https:\/\/shop.die-glocke.de\/gplus-jahresabo?upscore_object_id=93158af5-13a7-4bf7-9590-3795ba088f73-Portal&amp;upscore_offer_id=&amp;upscore_click_id=&amp;upscore_object_url=https%3A%2F%2Fwww.die-glocke.de%2Fkreis-guetersloh%2Fguetersloh%2Fartikel%2F1840-kinder-aus-dem-kreis-guetersloh-feiern-riesiges-liederfest-1780321809&amp;target=https%3A%2F%2Fwww.die-glocke.de%2Fkreis-guetersloh%2Fguetersloh%2Fartikel%2F1840-kinder-aus-dem-kreis-guetersloh-feiern-riesiges-liederfest-1780321809\" rel=\"nofollow noopener\" target=\"_blank\"><br \/>\n                        Jahresabo bestellen<br \/>\n                    <\/a><\/p>\n<p>Texte und Fotos von die-glocke.de sind urheberrechtlich gesch\u00fctzt.<br \/>\n            Weiterverwendung nur mit Genehmigung der Chefredaktion.<\/p>\n","protected":false},"excerpt":{"rendered":"Bei \u201eKlasse! Wir singen\u201c in der Stadthalle G\u00fctersloh feierten 1840 Kinder ein gro\u00dfes Liederfest, bei dem sich die&hellip;\n","protected":false},"author":2,"featured_media":1062002,"comment_status":"","ping_status":"","sticky":false,"template":"","format":"standard","meta":{"footnotes":"","_share_on_mastodon":"0"},"categories":[1841],"tags":[1605,3364,29,30,1114,810,1209,966,34585],"class_list":["post-1062001","post","type-post","status-publish","format-standard","has-post-thumbnail","category-bielefeld","tag-bielefeld","tag-de","tag-deutschland","tag-germany","tag-kinder","tag-musik","tag-nordrhein-westfalen","tag-schule","tag-singen"],"share_on_mastodon":{"url":"https:\/\/pubeurope.com\/@de\/116675289426926972","error":""},"_links":{"self":[{"href":"https:\/\/www.europesays.com\/de\/wp-json\/wp\/v2\/posts\/1062001","targetHints":{"allow":["GET"]}}],"collection":[{"href":"https:\/\/www.europesays.com\/de\/wp-json\/wp\/v2\/posts"}],"about":[{"href":"https:\/\/www.europesays.com\/de\/wp-json\/wp\/v2\/types\/post"}],"author":[{"embeddable":true,"href":"https:\/\/www.europesays.com\/de\/wp-json\/wp\/v2\/users\/2"}],"replies":[{"embeddable":true,"href":"https:\/\/www.europesays.com\/de\/wp-json\/wp\/v2\/comments?post=1062001"}],"version-history":[{"count":0,"href":"https:\/\/www.europesays.com\/de\/wp-json\/wp\/v2\/posts\/1062001\/revisions"}],"wp:featuredmedia":[{"embeddable":true,"href":"https:\/\/www.europesays.com\/de\/wp-json\/wp\/v2\/media\/1062002"}],"wp:attachment":[{"href":"https:\/\/www.europesays.com\/de\/wp-json\/wp\/v2\/media?parent=1062001"}],"wp:term":[{"taxonomy":"category","embeddable":true,"href":"https:\/\/www.europesays.com\/de\/wp-json\/wp\/v2\/categories?post=1062001"},{"taxonomy":"post_tag","embeddable":true,"href":"https:\/\/www.europesays.com\/de\/wp-json\/wp\/v2\/tags?post=1062001"}],"curies":[{"name":"wp","href":"https:\/\/api.w.org\/{rel}","templated":true}]}}