{"id":1062207,"date":"2026-06-01T16:16:16","date_gmt":"2026-06-01T16:16:16","guid":{"rendered":"https:\/\/www.europesays.com\/de\/1062207\/"},"modified":"2026-06-01T16:16:16","modified_gmt":"2026-06-01T16:16:16","slug":"zum-kindertag-neuer-spielplatz-in-der-jva-leipzig","status":"publish","type":"post","link":"https:\/\/www.europesays.com\/de\/1062207\/","title":{"rendered":"Zum Kindertag: Neuer Spielplatz in der JVA Leipzig"},"content":{"rendered":"<p class=\"text\">\nDies sei ein neuer Weg im s\u00e4chsischen Strafvollzug, sagt Carsten Lange, Leiter der JVA. &#8222;Wir haben bereits den Besuch der Angeh\u00f6rigen im Freien erm\u00f6glicht. Dort werden die Gefangenen von Bediensteten beaufsichtigt. Jetzt haben <a href=\"https:\/\/www.mdr.de\/nachrichten\/thueringen\/frauen-justiz-vollzug-mutter-kind-wohngruppe-100.html\" title=\"Mutter mit Kind im Gef\u00e4ngnis: Haft-Alltag f\u00fcr Th\u00fcringerin Nina und ihr Baby\" rel=\"nofollow noopener\" target=\"_blank\">V\u00e4ter mit Kindern<\/a> die M\u00f6glichkeit zu sagen, sie m\u00f6chten auch mal zur Schaukel oder zum Sandkasten.&#8220; Die Insassen werden weiterhin beaufsichtigt und auf verbotene Gegenst\u00e4nde durchsucht, so dass da nichts \u00fcbergeben werden kann, versichert Lange.\n<\/p>\n<p class=\"text\">\nNach Angaben des Justizministeriums zeige die Erfahrung im Strafvollzug , dass Inhaftierte, die regelm\u00e4\u00dfigen Kontakt zu Familie und Angeh\u00f6rigen haben, ausgeglichener sind. Konflikte und Auseinandersetzungen hinter Gittern treten dadurch seltener auf. Im Mittelpunkt der Ma\u00dfnahme st\u00fcnden aber vor allem die Kinder, sagt Vollzugsabteilungsleiter Dennis Naumann. &#8222;Die Kinder sind mitbestraft, teilweise auch mitgefangen. Wir k\u00f6nnen nicht unterscheiden zwischen einem guten oder weniger guten Vater.&#8220; Deshalb versuche man, f\u00fcr die Kinder Freiheiten zu erm\u00f6glichen, so Naumann.<\/p>\n","protected":false},"excerpt":{"rendered":"Dies sei ein neuer Weg im s\u00e4chsischen Strafvollzug, sagt Carsten Lange, Leiter der JVA. &#8222;Wir haben bereits den&hellip;\n","protected":false},"author":2,"featured_media":1062208,"comment_status":"","ping_status":"","sticky":false,"template":"","format":"standard","meta":{"footnotes":"","_share_on_mastodon":"0"},"categories":[1832],"tags":[3364,29,553,3647,30,3029,1114,71,81,14,859,4684,28195],"class_list":["post-1062207","post","type-post","status-publish","format-standard","has-post-thumbnail","category-leipzig","tag-de","tag-deutschland","tag-familie","tag-gefaengnis","tag-germany","tag-haft","tag-kinder","tag-leipzig","tag-mdr","tag-nachrichten","tag-sachsen","tag-strafe","tag-strafvollzug"],"share_on_mastodon":{"url":"https:\/\/pubeurope.com\/@de\/116675752095341940","error":""},"_links":{"self":[{"href":"https:\/\/www.europesays.com\/de\/wp-json\/wp\/v2\/posts\/1062207","targetHints":{"allow":["GET"]}}],"collection":[{"href":"https:\/\/www.europesays.com\/de\/wp-json\/wp\/v2\/posts"}],"about":[{"href":"https:\/\/www.europesays.com\/de\/wp-json\/wp\/v2\/types\/post"}],"author":[{"embeddable":true,"href":"https:\/\/www.europesays.com\/de\/wp-json\/wp\/v2\/users\/2"}],"replies":[{"embeddable":true,"href":"https:\/\/www.europesays.com\/de\/wp-json\/wp\/v2\/comments?post=1062207"}],"version-history":[{"count":0,"href":"https:\/\/www.europesays.com\/de\/wp-json\/wp\/v2\/posts\/1062207\/revisions"}],"wp:featuredmedia":[{"embeddable":true,"href":"https:\/\/www.europesays.com\/de\/wp-json\/wp\/v2\/media\/1062208"}],"wp:attachment":[{"href":"https:\/\/www.europesays.com\/de\/wp-json\/wp\/v2\/media?parent=1062207"}],"wp:term":[{"taxonomy":"category","embeddable":true,"href":"https:\/\/www.europesays.com\/de\/wp-json\/wp\/v2\/categories?post=1062207"},{"taxonomy":"post_tag","embeddable":true,"href":"https:\/\/www.europesays.com\/de\/wp-json\/wp\/v2\/tags?post=1062207"}],"curies":[{"name":"wp","href":"https:\/\/api.w.org\/{rel}","templated":true}]}}