{"id":1062302,"date":"2026-06-01T17:09:17","date_gmt":"2026-06-01T17:09:17","guid":{"rendered":"https:\/\/www.europesays.com\/de\/1062302\/"},"modified":"2026-06-01T17:09:17","modified_gmt":"2026-06-01T17:09:17","slug":"wuppertaler-legen-fast-600000kilometer-im-radsattel-zurueck","status":"publish","type":"post","link":"https:\/\/www.europesays.com\/de\/1062302\/","title":{"rendered":"Wuppertaler legen fast 600000Kilometer im Radsattel zur\u00fcck"},"content":{"rendered":"<p class=\"text_ohne_einzug richtext text-em-55 !leading-serif mx-6 desktop:mx-0\">Drei Wochen Stadtradeln sind seit vergangenen Freitag beendet. Eine Woche besteht noch die M\u00f6glichkeit, im Zeitraum 9. bis 29. Mai im Sattel zur\u00fcckgelegte Kilometer nachzutragen. Doch am Montag hat die Stadt f\u00fcr Wuppertal und das Bergische Land ein vorl\u00e4ufiges Ergebnis ver\u00f6ffentlicht, das bereits eine Steigerung gegen\u00fcber den Vorjahren aufweist. So wurden bei der Aktion in Wuppertal und von Wuppertalern insgesamt 598\u00a0340 Kilometer zur\u00fcckgelegt nach 573\u00a0077 im Vorjahr. Auch die Zahl der beteiligten Firmen, Schulen und Gruppen ist gewachsen, von 191 im Vorjahr auf jetzt 214. Die mit Abstand weiteste Strecke legten dabei die Aktiven der Stadtverwaltung und der St\u00e4dtischen Eigenbetriebe mit 43\u00a0769 Kilometern zur\u00fcck, stellten mit 172 Teilnehmern aber auch das gr\u00f6\u00dfte Kontingent. Wuppertalvital mit 34\u00a0351 Kilometern und 106 Aktiven sowie die Bergische Universit\u00e4t mit 22\u00a0831 Kilometer und 108 Aktiven rangieren dahinter.  <\/p>\n","protected":false},"excerpt":{"rendered":"Drei Wochen Stadtradeln sind seit vergangenen Freitag beendet. Eine Woche besteht noch die M\u00f6glichkeit, im Zeitraum 9. bis&hellip;\n","protected":false},"author":2,"featured_media":1062303,"comment_status":"","ping_status":"","sticky":false,"template":"","format":"standard","meta":{"footnotes":"","_share_on_mastodon":"0"},"categories":[1840],"tags":[114910,20276,3364,29,30,29896,29895,1209,966,7304,20297,4418,226564],"class_list":["post-1062302","post","type-post","status-publish","format-standard","has-post-thumbnail","category-wuppertal","tag-aktiven","tag-bergische","tag-de","tag-deutschland","tag-germany","tag-kilometer","tag-kilometern","tag-nordrhein-westfalen","tag-schule","tag-stadtradeln","tag-vorjahr","tag-wuppertal","tag-wuppertalvital"],"share_on_mastodon":{"url":"https:\/\/pubeurope.com\/@de\/116675960509880045","error":""},"_links":{"self":[{"href":"https:\/\/www.europesays.com\/de\/wp-json\/wp\/v2\/posts\/1062302","targetHints":{"allow":["GET"]}}],"collection":[{"href":"https:\/\/www.europesays.com\/de\/wp-json\/wp\/v2\/posts"}],"about":[{"href":"https:\/\/www.europesays.com\/de\/wp-json\/wp\/v2\/types\/post"}],"author":[{"embeddable":true,"href":"https:\/\/www.europesays.com\/de\/wp-json\/wp\/v2\/users\/2"}],"replies":[{"embeddable":true,"href":"https:\/\/www.europesays.com\/de\/wp-json\/wp\/v2\/comments?post=1062302"}],"version-history":[{"count":0,"href":"https:\/\/www.europesays.com\/de\/wp-json\/wp\/v2\/posts\/1062302\/revisions"}],"wp:featuredmedia":[{"embeddable":true,"href":"https:\/\/www.europesays.com\/de\/wp-json\/wp\/v2\/media\/1062303"}],"wp:attachment":[{"href":"https:\/\/www.europesays.com\/de\/wp-json\/wp\/v2\/media?parent=1062302"}],"wp:term":[{"taxonomy":"category","embeddable":true,"href":"https:\/\/www.europesays.com\/de\/wp-json\/wp\/v2\/categories?post=1062302"},{"taxonomy":"post_tag","embeddable":true,"href":"https:\/\/www.europesays.com\/de\/wp-json\/wp\/v2\/tags?post=1062302"}],"curies":[{"name":"wp","href":"https:\/\/api.w.org\/{rel}","templated":true}]}}