{"id":1062525,"date":"2026-06-01T19:23:22","date_gmt":"2026-06-01T19:23:22","guid":{"rendered":"https:\/\/www.europesays.com\/de\/1062525\/"},"modified":"2026-06-01T19:23:22","modified_gmt":"2026-06-01T19:23:22","slug":"rettungsdienst-in-brandenburg-zoff-zwischen-wilke-und-kommunen-wegen-der-kosten","status":"publish","type":"post","link":"https:\/\/www.europesays.com\/de\/1062525\/","title":{"rendered":"Rettungsdienst in Brandenburg: Zoff zwischen Wilke und Kommunen wegen der Kosten"},"content":{"rendered":"<p class=\"tspCHpa tspCHpb\">Die k\u00fcnftige Finanzierung des Rettungsdienstes sorgt f\u00fcr \u00c4rger zwischen Brandenburgs Gesundheitsminister Ren\u00e9 Wilke (SPD) und den Brandenburger Landkreisen. Wilke hatte in der M\u00e4rkischen Allgemeinen Zeitung (MAZ) angek\u00fcndigt, den Rettungsdienst nicht mehr \u00fcber ein Satzungsmodell, sondern \u00fcber ein Verhandlungsmodell finanzieren zu wollen. <\/p>\n<p class=\"tspCHpa\">Dabei sollen die Kommunen ihre Kalkulation und Satzung mit den Krankenkassen abstimmen, bevor diese von den Kreistagen oder Stadtverordnetenversammlungen verabschiedet werden. \u201eIm Konfliktfall, wenn man sich bei der Verhandlung nicht einigen kann, gibt es ein geordnetes Schiedsverfahren\u201c, sagte Wilke.<\/p>\n<p class=\"tspCHpa\">Die Landkreise wiesen das umgehend zur\u00fcck. \u201eGesundheitsminister Wilke hat mit seinen heutigen \u00c4u\u00dferungen in der Tagespresse den Versuch unternommen, den Landkreisen die Verantwortung f\u00fcr den Streit zwischen den Landkreisen und den Krankenkassen \u00fcber die Finanzierung des Rettungsdienstes zuzuschieben\u201c, sagte die Pr\u00e4sidentin des Brandenburger Landkreistags, die Landr\u00e4tin der Uckermark, Karina D\u00f6rk (CDU). \u201eDamit sind wir nicht einverstanden.\u201c <\/p>\n<p>Potsdam Heute Newsletter<\/p>\n<p><img decoding=\"async\" src=\"https:\/\/www.europesays.com\/de\/wp-content\/uploads\/2025\/04\/pnn-widget.png\" alt=\"\" class=\"tspCTg0\"\/><\/p>\n<p class=\"tspCTmm\"> Der Newsletter aus der PNN-Chefredaktion. Wissen, was in Potsdam wichtig ist \u2014 kostenlos freitags in Ihrer Mailbox. <\/p>\n<p class=\"tspCHpa\">Nach wie vor l\u00e4gen in den meisten Landkreisen keine Verst\u00e4ndigungen mit den Krankenkassen vor. Insofern treffe es nicht zu, dass die Kassen nun die Finanzierung der Fehlfahrten und Fehleins\u00e4tze \u00fcbern\u00e4hmen. Das Brandenburgische Rettungsdienstgesetz gehe von einer kostendeckenden Finanzierung des Rettungsdienstes aus. Das veranschlagte Geb\u00fchrenaufkommen solle die voraussichtlichen Kosten des jeweiligen Tr\u00e4gers des Rettungsdienstes decken. <\/p>\n<p> Landkreistag kritisiert Eingriff des Bundes in Zust\u00e4ndigkeit von Land und Kommunen <\/p>\n<p class=\"tspCHpa\">Die aktuellen Finanzierungsunsicherheiten st\u00fcnden nach Angaben des Landkreistages jedoch zunehmend \u201eim Spannungsverh\u00e4ltnis zu diesem gesetzlichen Grundsatz.\u201c \u201eAngesichts des Haushaltsdefizits der Landkreise von circa 400 Mio. Euro allein im laufenden Jahr kann es nicht sein, dass die Landkreise auf den Belastungen sitzen bleiben sollen\u201c, so D\u00f6rk. <a href=\"https:\/\/www.tagesspiegel.de\/potsdam\/brandenburg\/kommunalfinanzen-brandenburger-gemeinden-warnen-vor-aufgabenverlagerungen-15502096.html?icid=in-text-link_15664275\" class=\"link link--internal\" data-gtm-class=\"article-text-link\" data-gtm-val=\"internal\" rel=\"nofollow noopener\" target=\"_blank\">\u201eDie Landkreise nehmen eine Aufgabe wahr, die ihnen das Land \u00fcbertragen hat.\u201c<\/a> Das Land habe daher f\u00fcr einen entsprechenden Ausgleich der damit verbundenen finanziellen Belastungen zu sorgen.<\/p>\n<p><a href=\"https:\/\/www.tagesspiegel.de\/potsdam\/brandenburg\/notruf-bsw-fraktion-dringt-auf-gebuhrenfreiheit-fur-rettungsdienst-15641597.html?icid=topic-list_15664275___\" data-gtm-class=\"article-mzt-link\" data-hydrate-fingerprint=\"09740a54944caac75fd2c0c63fd5c5df\" data-hydrate-props=\"{&amp;escapedquot;element&amp;escapedquot;:{&amp;escapedquot;type&amp;escapedquot;:&amp;escapedquot;relatedContent&amp;escapedquot;,&amp;escapedquot;fieldMap&amp;escapedquot;:{},&amp;escapedquot;relation&amp;escapedquot;:{&amp;escapedquot;fields&amp;escapedquot;:{&amp;escapedquot;isPaid&amp;escapedquot;:null},&amp;escapedquot;href&amp;escapedquot;:&amp;escapedquot;\/potsdam\/brandenburg\/notruf-bsw-fraktion-dringt-auf-gebuhrenfreiheit-fur-rettungsdienst-15641597.html&amp;escapedquot;,&amp;escapedquot;teaserTitle&amp;escapedquot;:{&amp;escapedquot;kicker&amp;escapedquot;:&amp;escapedquot;Streit um Kosten f\u00fcr den Rettungsdienst&amp;escapedquot;,&amp;escapedquot;headline&amp;escapedquot;:&amp;escapedquot;Brandenburger BSW-Fraktion dringt auf Geb\u00fchrenfreiheit&amp;escapedquot;},&amp;escapedquot;id&amp;escapedquot;:&amp;escapedquot;15641597&amp;escapedquot;,&amp;escapedquot;type&amp;escapedquot;:&amp;escapedquot;story&amp;escapedquot;},&amp;escapedquot;isPartOfList&amp;escapedquot;:true,&amp;escapedquot;topicListType&amp;escapedquot;:&amp;escapedquot;topic-list&amp;escapedquot;},&amp;escapedquot;showArrow&amp;escapedquot;:true}\" data-hydrate-slots=\"{&#039;default&#039;:[]}\" class=\"tspCVqv tspC0q4\" rel=\"nofollow noopener\" target=\"_blank\">Streit um Kosten f\u00fcr den Rettungsdienst Brandenburger BSW-Fraktion dringt auf Geb\u00fchrenfreiheit <\/a><a href=\"https:\/\/www.tagesspiegel.de\/potsdam\/brandenburg\/streit-um-rettungsfahrten-eskaliert-landkreise-in-brandenburg-gehen-auf-konfrontation-15433711.html?icid=topic-list_15664275___\" data-gtm-class=\"article-mzt-link\" data-hydrate-fingerprint=\"09740a54944caac75fd2c0c63fd5c5df\" data-hydrate-props=\"{&amp;escapedquot;element&amp;escapedquot;:{&amp;escapedquot;type&amp;escapedquot;:&amp;escapedquot;relatedContent&amp;escapedquot;,&amp;escapedquot;fieldMap&amp;escapedquot;:{},&amp;escapedquot;relation&amp;escapedquot;:{&amp;escapedquot;fields&amp;escapedquot;:{&amp;escapedquot;isPaid&amp;escapedquot;:true},&amp;escapedquot;href&amp;escapedquot;:&amp;escapedquot;\/potsdam\/brandenburg\/streit-um-rettungsfahrten-eskaliert-landkreise-in-brandenburg-gehen-auf-konfrontation-15433711.html&amp;escapedquot;,&amp;escapedquot;teaserTitle&amp;escapedquot;:{&amp;escapedquot;kicker&amp;escapedquot;:&amp;escapedquot;Streit um Rettungsfahrten eskaliert&amp;escapedquot;,&amp;escapedquot;headline&amp;escapedquot;:&amp;escapedquot;Landkreise in Brandenburg gehen auf Konfrontation&amp;escapedquot;},&amp;escapedquot;id&amp;escapedquot;:&amp;escapedquot;15433711&amp;escapedquot;,&amp;escapedquot;type&amp;escapedquot;:&amp;escapedquot;story&amp;escapedquot;},&amp;escapedquot;isPartOfList&amp;escapedquot;:true,&amp;escapedquot;topicListType&amp;escapedquot;:&amp;escapedquot;topic-list&amp;escapedquot;},&amp;escapedquot;showArrow&amp;escapedquot;:true}\" data-hydrate-slots=\"{&#039;default&#039;:[]}\" class=\"tspCVqv tspC0q4\" rel=\"nofollow noopener\" target=\"_blank\">Streit um Rettungsfahrten eskaliert Landkreise in Brandenburg gehen auf Konfrontation <\/a><a href=\"https:\/\/www.tagesspiegel.de\/potsdam\/brandenburg\/keine-kosten-fur-patienten-gebuhren-fur-rettungsfahrten-in-cottbus-vom-tisch-15540280.html?icid=topic-list_15664275___\" data-gtm-class=\"article-mzt-link\" data-hydrate-fingerprint=\"09740a54944caac75fd2c0c63fd5c5df\" data-hydrate-props=\"{&amp;escapedquot;element&amp;escapedquot;:{&amp;escapedquot;type&amp;escapedquot;:&amp;escapedquot;relatedContent&amp;escapedquot;,&amp;escapedquot;fieldMap&amp;escapedquot;:{},&amp;escapedquot;relation&amp;escapedquot;:{&amp;escapedquot;fields&amp;escapedquot;:{&amp;escapedquot;isPaid&amp;escapedquot;:null},&amp;escapedquot;href&amp;escapedquot;:&amp;escapedquot;\/potsdam\/brandenburg\/keine-kosten-fur-patienten-gebuhren-fur-rettungsfahrten-in-cottbus-vom-tisch-15540280.html&amp;escapedquot;,&amp;escapedquot;teaserTitle&amp;escapedquot;:{&amp;escapedquot;kicker&amp;escapedquot;:&amp;escapedquot;Keine Kosten f\u00fcr Patienten&amp;escapedquot;,&amp;escapedquot;headline&amp;escapedquot;:&amp;escapedquot;Geb\u00fchren f\u00fcr Rettungsfahrten in Cottbus vom Tisch&amp;escapedquot;},&amp;escapedquot;id&amp;escapedquot;:&amp;escapedquot;15540280&amp;escapedquot;,&amp;escapedquot;type&amp;escapedquot;:&amp;escapedquot;story&amp;escapedquot;},&amp;escapedquot;isPartOfList&amp;escapedquot;:true,&amp;escapedquot;topicListType&amp;escapedquot;:&amp;escapedquot;topic-list&amp;escapedquot;},&amp;escapedquot;showArrow&amp;escapedquot;:true}\" data-hydrate-slots=\"{&#039;default&#039;:[]}\" class=\"tspCVqv tspC0q4\" rel=\"nofollow noopener\" target=\"_blank\">Keine Kosten f\u00fcr Patienten Geb\u00fchren f\u00fcr Rettungsfahrten in Cottbus vom Tisch <\/a><\/p>\n<p class=\"tspCHpa\">Kritik \u00fcbte der Brandenburger Landkreistag auch\u00a0am geplanten Bundesgesetz zur Reform der Notfallversorgung. \u201eMit der Schaffung eines eigenst\u00e4ndigen Leistungsbereichs der \u201amedizinischen Notfallrettung\u2018 sowie bundesweiten Vertrags- und Qualit\u00e4tsvorgaben greift der Bund tief in die Zust\u00e4ndigkeiten der L\u00e4nder und kommunalen Aufgabentr\u00e4ger ein\u201c, sagte das Gesch\u00e4ftsf\u00fchrende Pr\u00e4sidialmitglied des Landkreistags, Holger Obermann. <\/p>\n<p class=\"tspCHpa\">\u201eDas System der Vollkostenfinanzierung des Rettungsdienstes gew\u00e4hrleistet Planungssicherheit, Investitionsf\u00e4higkeit und die dauerhafte Sicherstellung einer fl\u00e4chendeckenden Notfallversorgung.\u201c Der Rettungsdienst m\u00fcsse auch k\u00fcnftig ausk\u00f6mmlich finanzierbar bleiben. \u201eKostensteigerungen infolge tariflicher Entwicklungen, steigender Anforderungen an Personal, Leitstellen, Vorhaltung und Krisenfestigkeit d\u00fcrfen mit der Verhandlungsl\u00f6sung nicht zulasten der kommunalen Ebene verlagert werden.\u201c Der Rettungsdienst m\u00fcsse sich weiterhin am regionalen Bedarf, an gesetzlichen Qualit\u00e4tsanforderungen sowie an den Anforderungen der Gefahrenabwehr orientieren k\u00f6nnen.<\/p>\n","protected":false},"excerpt":{"rendered":"Die k\u00fcnftige Finanzierung des Rettungsdienstes sorgt f\u00fcr \u00c4rger zwischen Brandenburgs Gesundheitsminister Ren\u00e9 Wilke (SPD) und den Brandenburger Landkreisen.&hellip;\n","protected":false},"author":2,"featured_media":1062526,"comment_status":"","ping_status":"","sticky":false,"template":"","format":"standard","meta":{"footnotes":"","_share_on_mastodon":"0"},"categories":[1816],"tags":[1960,1958,1959,1957,1956,1890,29,30,184,12088],"class_list":["post-1062525","post","type-post","status-publish","format-standard","has-post-thumbnail","category-brandenburg","tag-aktuelle-nachrichten-aus-berlin-und-brandenburg","tag-aktuelle-nachrichten-aus-brandenburg","tag-aktuelle-news-aus-berlin-und-brandenburg","tag-aktuelle-news-aus-brandenburg","tag-berlin-und-brandenburg","tag-brandenburg","tag-deutschland","tag-germany","tag-spd","tag-uckermark"],"share_on_mastodon":{"url":"https:\/\/pubeurope.com\/@de\/116676487429716354","error":""},"_links":{"self":[{"href":"https:\/\/www.europesays.com\/de\/wp-json\/wp\/v2\/posts\/1062525","targetHints":{"allow":["GET"]}}],"collection":[{"href":"https:\/\/www.europesays.com\/de\/wp-json\/wp\/v2\/posts"}],"about":[{"href":"https:\/\/www.europesays.com\/de\/wp-json\/wp\/v2\/types\/post"}],"author":[{"embeddable":true,"href":"https:\/\/www.europesays.com\/de\/wp-json\/wp\/v2\/users\/2"}],"replies":[{"embeddable":true,"href":"https:\/\/www.europesays.com\/de\/wp-json\/wp\/v2\/comments?post=1062525"}],"version-history":[{"count":0,"href":"https:\/\/www.europesays.com\/de\/wp-json\/wp\/v2\/posts\/1062525\/revisions"}],"wp:featuredmedia":[{"embeddable":true,"href":"https:\/\/www.europesays.com\/de\/wp-json\/wp\/v2\/media\/1062526"}],"wp:attachment":[{"href":"https:\/\/www.europesays.com\/de\/wp-json\/wp\/v2\/media?parent=1062525"}],"wp:term":[{"taxonomy":"category","embeddable":true,"href":"https:\/\/www.europesays.com\/de\/wp-json\/wp\/v2\/categories?post=1062525"},{"taxonomy":"post_tag","embeddable":true,"href":"https:\/\/www.europesays.com\/de\/wp-json\/wp\/v2\/tags?post=1062525"}],"curies":[{"name":"wp","href":"https:\/\/api.w.org\/{rel}","templated":true}]}}