{"id":1062579,"date":"2026-06-01T20:01:30","date_gmt":"2026-06-01T20:01:30","guid":{"rendered":"https:\/\/www.europesays.com\/de\/1062579\/"},"modified":"2026-06-01T20:01:30","modified_gmt":"2026-06-01T20:01:30","slug":"karlsruhe-18-jaehriger-nach-angriff-am-marktplatz-in-haft","status":"publish","type":"post","link":"https:\/\/www.europesays.com\/de\/1062579\/","title":{"rendered":"Karlsruhe: 18-J\u00e4hriger nach Angriff am Marktplatz in Haft"},"content":{"rendered":"<p class=\"mb-6 text-xs md:text-m lg:text-l font-serif group-[.font-sans]:font-sans \">\n    <strong class=\"font-bold\">Nach einer k\u00f6rperlichen Auseinandersetzung in der Karlsruher Innenstadt sitzt ein 18-J\u00e4hriger in Untersuchungshaft.<\/strong> Laut einer gemeinsamen Pressemitteilung der Staatsanwaltschaft Karlsruhe und des Polizeipr\u00e4sidiums <a href=\"https:\/\/www.ka-news.de\/karlsruhe\" target=\"_self\" class=\"underline \" rel=\"nofollow noopener\">Karlsruhe<\/a> ereignete sich der Vorfall in der Nacht auf Sonntag, 31. Mai 2026, gegen 2.30 Uhr am Marktplatz.\n  <\/p>\n<p>            Angriff am Karlsruher Marktplatz in der Samstagnacht<\/p>\n<p class=\"mb-6 text-xs md:text-m lg:text-l font-serif group-[.font-sans]:font-sans \">\n    Nach derzeitigem Ermittlungsstand trafen ein 36-J\u00e4hriger und ein 37-J\u00e4hriger am Marktplatz auf eine dreik\u00f6pfige Gruppe. Aus bislang ungekl\u00e4rter Ursache kam es zun\u00e4chst zu verbalen Streitigkeiten. Im weiteren Verlauf sollen die drei M\u00e4nner im Alter von 18, 20 und 22 Jahren die beiden M\u00e4nner mit Schl\u00e4gen und Tritten angegriffen haben, sodass der 36-J\u00e4hrige zu Boden ging.<strong class=\"font-bold\"> Der 18-j\u00e4hrige Beschuldigte soll den auf dem Asphalt liegenden Mann anschlie\u00dfend gezielt mit dem Schuh gegen den Kopf getreten haben.<\/strong>\n  <\/p>\n<p class=\"mb-6 text-xs md:text-m lg:text-l font-serif group-[.font-sans]:font-sans \">\n    <strong class=\"font-bold\">Erst nachdem unbeteiligte Zeugen eingriffen und die Auseinandersetzung unterbanden, lie\u00dfen die drei Angreifer von ihren Opfern ab und entfernten sich vom Tatort. <\/strong>Der 18-J\u00e4hrige soll zudem einen der Schlichter mit einem spitzen Gegenstand bedroht und ihn kurzzeitig verfolgt haben.\n  <\/p>\n<p class=\"mb-6 text-xs md:text-m lg:text-l font-serif group-[.font-sans]:font-sans \">\n    <strong class=\"font-bold\">Im Zuge einer unmittelbar eingeleiteten Fahndung nahmen Polizeibeamte alle drei Tatverd\u00e4chtigen kurz darauf vorl\u00e4ufig fest. <\/strong>Auf Antrag der Staatsanwaltschaft Karlsruhe f\u00fchrten Beamte den 18-J\u00e4hrigen noch am Samstag, 30. Mai 2026, der Haftrichterin des Amtsgerichts Karlsruhe vor. Diese erlie\u00df Haftbefehl und setzte ihn in Vollzug.\n  <\/p>\n<p class=\"mb-6 text-xs md:text-m lg:text-l font-serif group-[.font-sans]:font-sans \">\n    Quelle: Polizei<a href=\"https:\/\/www.presseportal.de\/blaulicht\/pm\/110972\/6286043\" rel=\"nofollow noopener\" target=\"_blank\" class=\"underline \">pr\u00e4sidium Karlsruhe. Hinwei<\/a>s: Diese Meldung wurde unterst\u00fctzt von KI erstellt.\n  <\/p>\n","protected":false},"excerpt":{"rendered":"Nach einer k\u00f6rperlichen Auseinandersetzung in der Karlsruher Innenstadt sitzt ein 18-J\u00e4hriger in Untersuchungshaft. Laut einer gemeinsamen Pressemitteilung der&hellip;\n","protected":false},"author":2,"featured_media":1062580,"comment_status":"","ping_status":"","sticky":false,"template":"","format":"standard","meta":{"footnotes":"","_share_on_mastodon":"0"},"categories":[1844],"tags":[1601,1634,41,3364,29,30,2065,8903,1256,121,136634,8980,4853],"class_list":["post-1062579","post","type-post","status-publish","format-standard","has-post-thumbnail","category-karlsruhe","tag-amtsgericht","tag-baden-wuerttemberg","tag-bedrohung","tag-de","tag-deutschland","tag-germany","tag-innenstadt","tag-karlsruhe","tag-kuenstliche-intelligenz","tag-polizei","tag-staatsanwaltschaft-karlsruhe","tag-tritt","tag-untersuchungshaft"],"share_on_mastodon":{"url":"https:\/\/pubeurope.com\/@de\/116676636648795765","error":""},"_links":{"self":[{"href":"https:\/\/www.europesays.com\/de\/wp-json\/wp\/v2\/posts\/1062579","targetHints":{"allow":["GET"]}}],"collection":[{"href":"https:\/\/www.europesays.com\/de\/wp-json\/wp\/v2\/posts"}],"about":[{"href":"https:\/\/www.europesays.com\/de\/wp-json\/wp\/v2\/types\/post"}],"author":[{"embeddable":true,"href":"https:\/\/www.europesays.com\/de\/wp-json\/wp\/v2\/users\/2"}],"replies":[{"embeddable":true,"href":"https:\/\/www.europesays.com\/de\/wp-json\/wp\/v2\/comments?post=1062579"}],"version-history":[{"count":0,"href":"https:\/\/www.europesays.com\/de\/wp-json\/wp\/v2\/posts\/1062579\/revisions"}],"wp:featuredmedia":[{"embeddable":true,"href":"https:\/\/www.europesays.com\/de\/wp-json\/wp\/v2\/media\/1062580"}],"wp:attachment":[{"href":"https:\/\/www.europesays.com\/de\/wp-json\/wp\/v2\/media?parent=1062579"}],"wp:term":[{"taxonomy":"category","embeddable":true,"href":"https:\/\/www.europesays.com\/de\/wp-json\/wp\/v2\/categories?post=1062579"},{"taxonomy":"post_tag","embeddable":true,"href":"https:\/\/www.europesays.com\/de\/wp-json\/wp\/v2\/tags?post=1062579"}],"curies":[{"name":"wp","href":"https:\/\/api.w.org\/{rel}","templated":true}]}}