{"id":1062604,"date":"2026-06-01T20:15:25","date_gmt":"2026-06-01T20:15:25","guid":{"rendered":"https:\/\/www.europesays.com\/de\/1062604\/"},"modified":"2026-06-01T20:15:25","modified_gmt":"2026-06-01T20:15:25","slug":"keir-fehlt-der-elan-neue-akten-legen-brisante-mails-des-britschen-ex-botschafters-offen","status":"publish","type":"post","link":"https:\/\/www.europesays.com\/de\/1062604\/","title":{"rendered":"&#8222;Keir fehlt der Elan&#8220;: Neue Akten legen brisante Mails des britschen Ex-Botschafters offen"},"content":{"rendered":"<p>&#8222;Keir fehlt der Elan&#8220;Neue Akten legen brisante Mails des britschen Ex-Botschafters offen<\/p>\n<p>01.06.2026, 21:59 Uhr <\/p>\n<p>Artikel anh\u00f6ren(03:14 min)<\/p>\n<p><img decoding=\"async\" class=\"Image_img__fQCi0 Image_Img_16_9__4BLfH widget-picture-inline_maximizable__t_E7h\" loading=\"eager\" fetchpriority=\"high\" src=\"https:\/\/www.europesays.com\/de\/wp-content\/uploads\/2026\/06\/Peter-Mandelson-der-ehemalige-britische-Botschafter-in-den-Vereinigten-Staaten-geht-am-Gesundheitsmi.webp\" alt=\"Peter-Mandelson-der-ehemalige-britische-Botschafter-in-den-Vereinigten-Staaten-geht-am-Gesundheitsministerium-in-London-vorbei\"\/>Der fr\u00fchere Wirtschaftsminister und EU-Kommissar Mandelson soll in seiner Zeit als Regierungsmitglied heikle Informationen an Epstein weitergeben haben, mit dem er befreundet war. (Foto: picture alliance\/dpa\/AP)TeilenFolgen auf:<a href=\"https:\/\/www.whatsapp.com\/channel\/0029Va5cdVJD8SDp5YZgYF01\" title=\"Auf WhatsApp folgen\" target=\"_blank\" rel=\"nofollow noopener\"><img decoding=\"async\" src=\"https:\/\/www.n-tv.de\/socialIcons\/whatsapp.svg\" alt=\"whatsapp\" class=\"ArticleShare_icon__FsrC2\"\/><\/a><a href=\"https:\/\/www.google.com\/preferences\/source?q=n-tv.de\" title=\"ntv als bevorzugte Quelle auf Google hinzuf\u00fcgen\" target=\"_blank\" rel=\"nofollow noopener\"><img decoding=\"async\" src=\"https:\/\/www.n-tv.de\/socialIcons\/google.svg\" alt=\"whatsapp\" class=\"ArticleShare_icon__FsrC2\"\/><\/a><\/p>\n<p class=\"Typography_text-m__XI0da Typography_weight-bold__uT6mq storyline_lead_text_leadtext__q_wg8\">Neue Akten zur Mandelson-Aff\u00e4re setzen die britische Regierung unter Druck: Ver\u00f6ffentlicht wurden mehr als 1500 Dokumente, darunter interne Nachrichten des Ex-Botschafters. Die Enth\u00fcllungen werfen erneut Fragen zu seinen Verbindungen zu Jeffrey Epstein auf.<\/p>\n<p class=\"Typography_text-default__P3otY Typography_weight-normal__pqUbH storyline_paragraph_p__qSR5N\">Die britische Regierung hat neue Akten zu der Aff\u00e4re um den Ex-Botschafter\u00a0Peter\u00a0Mandelson und dessen Verbindungen zum US-Sexualstraft\u00e4ter Jeffrey Epstein ver\u00f6ffentlicht. Die mehr als 1500 Dokumente umfassen unter anderem E-Mails und Chatnachrichten von Mandelson w\u00e4hrend dessen neunmonatiger Amtszeit als britischer Botschafter in den USA. Die Regierung von Premierminister Keir Starmer steht wegen der Enth\u00fcllungen seit Monaten unter Druck.<\/p>\n<p class=\"Typography_text-default__P3otY Typography_weight-normal__pqUbH storyline_paragraph_p__qSR5N\">Die ver\u00f6ffentlichten Dokumente beinhalten eine handschriftliche Notiz Mandelsons an den damaligen britischen Au\u00dfenminister David Lammy vom November 2024. Darin schreibt der Botschafter: &#8222;Wenn Sie geneigt w\u00e4ren, mich zu ernennen, w\u00fcrde ich daf\u00fcr sorgen, dass Sie es nie bereuen.&#8220;<\/p>\n<p class=\"Typography_text-default__P3otY Typography_weight-normal__pqUbH storyline_paragraph_p__qSR5N\">Zugleich kommt in den Akten auch scharfe Kritik Mandelsons an der Regierung in London zutage. In einer Chatnachricht im Mai 2025 an den damaligen Kabinettssekret\u00e4r Pat McFadden erkl\u00e4rte Mandelson mit Bezug auf Premier Starmer: &#8222;Keir fehlt es an Elan, ebenso wie dem Kabinett insgesamt.&#8220; In einer anderen Nachricht im Juli 2025 bezeichnete Mandelson den Betrieb in der Downing Street zudem als &#8222;belagert und verwaist&#8220;.<\/p>\n<p class=\"Typography_text-default__P3otY Typography_weight-normal__pqUbH storyline_paragraph_p__qSR5N\">Der fr\u00fchere Wirtschaftsminister und EU-Kommissar Mandelson soll in seiner Zeit als Regierungsmitglied heikle Informationen an Epstein weitergeben haben, mit dem er befreundet war. Starmer hatte Mandelson 2024 zum britischen Botschafter in den USA ernannt und ihn im September 2025 wieder entlassen. Der Premier warf seinem Labour-Parteikollegen vor, die Regierung \u00fcber das Ausma\u00df seiner Beziehungen zu dem 2019 in Haft gestorbenen Epstein im Unklaren gelassen zu haben.<\/p>\n<p class=\"Typography_text-default__P3otY Typography_weight-normal__pqUbH storyline_paragraph_p__qSR5N\">Starmers Regierung steht wegen der Mandelson-Aff\u00e4re seit Monaten unter Druck, es gab bereits mehrere R\u00fccktritte. Es war bekannt geworden, dass Mandelson zum Botschafter ernannt wurde, obwohl er bei einer vorherigen Sicherheitspr\u00fcfung durchgefallen war. Die Entscheidung, sich \u00fcber dieses Ergebnis hinwegzusetzen und Mandelson dennoch zum Botschafter zu machen, wurde nach Angaben eines Regierungssprechers im Au\u00dfenministerium getroffen.<\/p>\n<p class=\"Typography_text-default__P3otY Typography_weight-normal__pqUbH storyline_paragraph_p__qSR5N\">Epstein soll mehr als tausend Minderj\u00e4hrige und junge Frauen missbraucht haben. Teilweise soll der bestens vernetzte Multimillion\u00e4r die Opfer an Prominente vermittelt haben. Im Juli 2019 wurde Epstein erneut festgenommen und musste eine Haftstrafe verb\u00fc\u00dfen. Am 10. August 2019 wurde er tot in seiner New Yorker Gef\u00e4ngniszelle aufgefunden, nach offiziellen Angaben nahm er sich das Leben.<\/p>\n<p class=\"Typography_text-s__wu_cm Typography_weight-normal__pqUbH Typography_color-darkgrey__sZEnP article-detail-footer_source__KslPc\">Quelle: ntv.de, jki\/AFP<\/p>\n","protected":false},"excerpt":{"rendered":"&#8222;Keir fehlt der Elan&#8220;Neue Akten legen brisante Mails des britschen Ex-Botschafters offen 01.06.2026, 21:59 Uhr Artikel anh\u00f6ren(03:14 min)&hellip;\n","protected":false},"author":2,"featured_media":1062605,"comment_status":"","ping_status":"","sticky":false,"template":"","format":"standard","meta":{"footnotes":"","_share_on_mastodon":"0"},"categories":[3976],"tags":[331,332,551,13,23542,5554,14,15,16,12,3992,3993,3994,3995,3996,3997],"class_list":["post-1062604","post","type-post","status-publish","format-standard","has-post-thumbnail","category-vereinigtes-koenigreich","tag-aktuelle-nachrichten","tag-aktuelle-news","tag-grossbritannien","tag-headlines","tag-jeffrey-epstein","tag-keir-starmer","tag-nachrichten","tag-news","tag-politik","tag-schlagzeilen","tag-uk","tag-united-kingdom","tag-united-kingdom-of-great-britain-and-northern-ireland","tag-vereinigtes-koenigreich","tag-vereinigtes-koenigreich-grossbritannien-und-nordirland","tag-vereinigtes-koenigreich-von-grossbritannien-und-nordirland"],"share_on_mastodon":{"url":"https:\/\/pubeurope.com\/@de\/116676692248821323","error":""},"_links":{"self":[{"href":"https:\/\/www.europesays.com\/de\/wp-json\/wp\/v2\/posts\/1062604","targetHints":{"allow":["GET"]}}],"collection":[{"href":"https:\/\/www.europesays.com\/de\/wp-json\/wp\/v2\/posts"}],"about":[{"href":"https:\/\/www.europesays.com\/de\/wp-json\/wp\/v2\/types\/post"}],"author":[{"embeddable":true,"href":"https:\/\/www.europesays.com\/de\/wp-json\/wp\/v2\/users\/2"}],"replies":[{"embeddable":true,"href":"https:\/\/www.europesays.com\/de\/wp-json\/wp\/v2\/comments?post=1062604"}],"version-history":[{"count":0,"href":"https:\/\/www.europesays.com\/de\/wp-json\/wp\/v2\/posts\/1062604\/revisions"}],"wp:featuredmedia":[{"embeddable":true,"href":"https:\/\/www.europesays.com\/de\/wp-json\/wp\/v2\/media\/1062605"}],"wp:attachment":[{"href":"https:\/\/www.europesays.com\/de\/wp-json\/wp\/v2\/media?parent=1062604"}],"wp:term":[{"taxonomy":"category","embeddable":true,"href":"https:\/\/www.europesays.com\/de\/wp-json\/wp\/v2\/categories?post=1062604"},{"taxonomy":"post_tag","embeddable":true,"href":"https:\/\/www.europesays.com\/de\/wp-json\/wp\/v2\/tags?post=1062604"}],"curies":[{"name":"wp","href":"https:\/\/api.w.org\/{rel}","templated":true}]}}