{"id":1062789,"date":"2026-06-01T22:05:23","date_gmt":"2026-06-01T22:05:23","guid":{"rendered":"https:\/\/www.europesays.com\/de\/1062789\/"},"modified":"2026-06-01T22:05:23","modified_gmt":"2026-06-01T22:05:23","slug":"kein-wunder-in-wuerzburg-der-1-fc-lok-leipzig-bleibt-in-der-regionalliga","status":"publish","type":"post","link":"https:\/\/www.europesays.com\/de\/1062789\/","title":{"rendered":"Kein Wunder in W\u00fcrzburg: Der 1. FC Lok Leipzig bleibt in der Regionalliga"},"content":{"rendered":"<p>Doppelchance f\u00fcr Lok &#8211; Nischalke trifft<\/p>\n<p class=\"text\">\nLeipzig hatte sich viel vorgenommen und begann entsprechend mutig. Die erste Chance geh\u00f6rte aber den Kickers, als Tarsis Bonga (10.) aus zentraler Position rechts vorbeischoss. Im Gegenzug kam Eren \u00d6zt\u00fcrk zum Schuss, der von Daniel H\u00e4gele mit dem Kopf zur Ecke gekl\u00e4rt wurde. Diese brachte erneut Gefahr, da Lukas Wilton am langen Pfosten abzog und die Kugel gerade noch von H\u00e4gele vor der Linie gekl\u00e4rt wurde. Im Anschluss beruhigte sich die Partie. In der 30. Minute schlug dann aber W\u00fcrzburg zu. Bonga legte quer auf Nischalke, der aus f\u00fcnf Metern die Kugel zur F\u00fchrung in die Maschen setzte.\n<\/p>\n<p class=\"text\">\nZwei Minuten sp\u00e4ter verhinderte Lok-Keeper Andreas Naumann nach einem Schuss von Liam Omore mit einer starken Parade das 0:2. Lok agierte in dieser Phase zu ungenau und verlor immer wieder zu schnell den Ball. So kamen die Kickers in der 37. Minute zur n\u00e4chsten Gelegenheit, als Dion Berisha aus Nahdistanz erneut an Naumann scheiterte. Lok kam in der Nachspielzeit noch zu einer Gelegenheit durch Dorian Cevis, dessen Fernschuss von W\u00fcrzburg-Keeper Johann Hipper aber entsch\u00e4rft wurde.\n<\/p>\n<p>Ziane l\u00e4sst Leipzig nur kurz hoffen &#8211; Nackenschlag durch Cisse<\/p>\n<p class=\"text\">\nNach der Pause kam Lok wieder mit mehr Schwung aus der Kabine, doch W\u00fcrzburg verbuchte erneut die ersten Gelegenheit. Dabei k\u00f6pfte Berisha (53.) die Kugel knapp am langen Pfosten vorbei. In der 71. Minute wurde Lok f\u00fcr seine Bem\u00fchungen doch noch belohnt, als Ziane aus Nahdistanz den zwischenzeitlichen Ausgleich markierte.\n<\/p>\n<p class=\"text\">\nDoch beim folgenden Gegenangriff stellte der kurz zuvor eingewechselte Cisse per Schlenzer (72.) den alten Abstand wieder her.\n<\/p>\n<p class=\"text\">\nDanach zog sich W\u00fcrzburg zur\u00fcck, aber Leipzig fehlte es an Durchschlagskraft. In der Nachspielzeit traf Tim Kusic noch die Lattenunterkante, von der die Kugel wohl hinter die Torlinie sprang, doch die Referees gaben den Treffer nicht.\n<\/p>\n<p>Weitere Stimmen<\/p>\n","protected":false},"excerpt":{"rendered":"Doppelchance f\u00fcr Lok &#8211; Nischalke trifft Leipzig hatte sich viel vorgenommen und begann entsprechend mutig. Die erste Chance&hellip;\n","protected":false},"author":2,"featured_media":1062790,"comment_status":"","ping_status":"","sticky":false,"template":"","format":"standard","meta":{"footnotes":"","_share_on_mastodon":"0"},"categories":[1832],"tags":[5096,995,5876,3364,29,347,30,27048,71,5097,3457,81,211455,3459,859,3499,3498,15205,102264],"class_list":["post-1062789","post","type-post","status-publish","format-standard","has-post-thumbnail","category-leipzig","tag-1-fc-lok-leipzig","tag-3-liga","tag-aufstieg","tag-de","tag-deutschland","tag-fussball","tag-germany","tag-jochen-seitz","tag-leipzig","tag-lok","tag-lok-leipzig","tag-mdr","tag-michael-schiele","tag-regionalliga","tag-sachsen","tag-spio","tag-sport-im-osten","tag-wuerzburg","tag-wuerzburger-kickers"],"share_on_mastodon":{"url":"https:\/\/pubeurope.com\/@de\/116677124149888661","error":""},"_links":{"self":[{"href":"https:\/\/www.europesays.com\/de\/wp-json\/wp\/v2\/posts\/1062789","targetHints":{"allow":["GET"]}}],"collection":[{"href":"https:\/\/www.europesays.com\/de\/wp-json\/wp\/v2\/posts"}],"about":[{"href":"https:\/\/www.europesays.com\/de\/wp-json\/wp\/v2\/types\/post"}],"author":[{"embeddable":true,"href":"https:\/\/www.europesays.com\/de\/wp-json\/wp\/v2\/users\/2"}],"replies":[{"embeddable":true,"href":"https:\/\/www.europesays.com\/de\/wp-json\/wp\/v2\/comments?post=1062789"}],"version-history":[{"count":0,"href":"https:\/\/www.europesays.com\/de\/wp-json\/wp\/v2\/posts\/1062789\/revisions"}],"wp:featuredmedia":[{"embeddable":true,"href":"https:\/\/www.europesays.com\/de\/wp-json\/wp\/v2\/media\/1062790"}],"wp:attachment":[{"href":"https:\/\/www.europesays.com\/de\/wp-json\/wp\/v2\/media?parent=1062789"}],"wp:term":[{"taxonomy":"category","embeddable":true,"href":"https:\/\/www.europesays.com\/de\/wp-json\/wp\/v2\/categories?post=1062789"},{"taxonomy":"post_tag","embeddable":true,"href":"https:\/\/www.europesays.com\/de\/wp-json\/wp\/v2\/tags?post=1062789"}],"curies":[{"name":"wp","href":"https:\/\/api.w.org\/{rel}","templated":true}]}}