{"id":1062855,"date":"2026-06-01T22:45:04","date_gmt":"2026-06-01T22:45:04","guid":{"rendered":"https:\/\/www.europesays.com\/de\/1062855\/"},"modified":"2026-06-01T22:45:04","modified_gmt":"2026-06-01T22:45:04","slug":"chemnitzer-feuerwehr-befreit-katze-aus-dachrinne-2","status":"publish","type":"post","link":"https:\/\/www.europesays.com\/de\/1062855\/","title":{"rendered":"Chemnitzer Feuerwehr befreit Katze aus Dachrinne"},"content":{"rendered":"<p class=\"text\">\nDie Feuerwehr hat am Montagvormittag in Chemnitz eine Katze aus einer misslichen Lage gerettet. Nach Angaben eines Reporters war Kitty irgendwie aufs Dach eines mehrst\u00f6ckigen Mehrfamilienhauses im S\u00fcdosten der Stadt gelangt. Dort blieb die schwarz-wei\u00df gefleckte Katze aber offenbar beim Spazierengehen in der Dachrinne mit den Vorderpfoten im Trichter des Fallrohrs stecken.\n<\/p>\n<p class=\"text\">\nSchlie\u00dflich bemerkten Anwohner das Tier und alarmierten die Feuerwehr. Mit Hilfe einer Drehleiter gelangte ein Kamerad zu Kitty und konnte sie befreien. Die Katze \u00fcberstand ihr H\u00f6henabenteuer entkr\u00e4ftet, aber sonst relativ unbeschadet.<\/p>\n","protected":false},"excerpt":{"rendered":"Die Feuerwehr hat am Montagvormittag in Chemnitz eine Katze aus einer misslichen Lage gerettet. Nach Angaben eines Reporters&hellip;\n","protected":false},"author":2,"featured_media":1062856,"comment_status":"","ping_status":"","sticky":false,"template":"","format":"standard","meta":{"footnotes":"","_share_on_mastodon":"0"},"categories":[1851],"tags":[2770,3364,29,13874,548,663,3934,30,7186,13,81,12182,14,15,13868,859,12],"class_list":["post-1062855","post","type-post","status-publish","format-standard","has-post-thumbnail","category-chemnitz","tag-chemnitz","tag-de","tag-deutschland","tag-drehleiter","tag-eu","tag-europa","tag-europe","tag-germany","tag-haustier","tag-headlines","tag-mdr","tag-mehrfamilienhaus","tag-nachrichten","tag-news","tag-rettungseinsatz","tag-sachsen","tag-schlagzeilen"],"share_on_mastodon":{"url":"","error":""},"_links":{"self":[{"href":"https:\/\/www.europesays.com\/de\/wp-json\/wp\/v2\/posts\/1062855","targetHints":{"allow":["GET"]}}],"collection":[{"href":"https:\/\/www.europesays.com\/de\/wp-json\/wp\/v2\/posts"}],"about":[{"href":"https:\/\/www.europesays.com\/de\/wp-json\/wp\/v2\/types\/post"}],"author":[{"embeddable":true,"href":"https:\/\/www.europesays.com\/de\/wp-json\/wp\/v2\/users\/2"}],"replies":[{"embeddable":true,"href":"https:\/\/www.europesays.com\/de\/wp-json\/wp\/v2\/comments?post=1062855"}],"version-history":[{"count":0,"href":"https:\/\/www.europesays.com\/de\/wp-json\/wp\/v2\/posts\/1062855\/revisions"}],"wp:featuredmedia":[{"embeddable":true,"href":"https:\/\/www.europesays.com\/de\/wp-json\/wp\/v2\/media\/1062856"}],"wp:attachment":[{"href":"https:\/\/www.europesays.com\/de\/wp-json\/wp\/v2\/media?parent=1062855"}],"wp:term":[{"taxonomy":"category","embeddable":true,"href":"https:\/\/www.europesays.com\/de\/wp-json\/wp\/v2\/categories?post=1062855"},{"taxonomy":"post_tag","embeddable":true,"href":"https:\/\/www.europesays.com\/de\/wp-json\/wp\/v2\/tags?post=1062855"}],"curies":[{"name":"wp","href":"https:\/\/api.w.org\/{rel}","templated":true}]}}