{"id":1062926,"date":"2026-06-01T23:28:18","date_gmt":"2026-06-01T23:28:18","guid":{"rendered":"https:\/\/www.europesays.com\/de\/1062926\/"},"modified":"2026-06-01T23:28:18","modified_gmt":"2026-06-01T23:28:18","slug":"borussia-dortmund-bvb-zukunft-weiter-ungewiss-adeyemi-sport","status":"publish","type":"post","link":"https:\/\/www.europesays.com\/de\/1062926\/","title":{"rendered":"Borussia Dortmund: BVB-Zukunft weiter ungewiss! AD\u00c9yemi? | Sport"},"content":{"rendered":"<p><a class=\"skip-content skip-content--link\" href=\"#in-content-skip-link-target-v-0-0\">TTS-Player \u00fcberspringen\u21b5<\/a><a id=\"in-content-skip-link-target-v-0-0\" class=\"skip-content--target-link-hidden skip-content skip-content--target-link\" href=\"#in-content-skip-link-target-v-0-0\">Artikel weiterlesen<\/a><\/p>\n<p data-21134c99=\"0-2144\"><b>BVB-Star Karim Adeyemi (24) wird in diesem Sommer zwar nicht auf der ganz gro\u00dfen WM-B\u00fchne stehen \u2013 aus den Schlagzeilen verschwindet er wohl trotzdem nicht!<\/b><\/p>\n<p data-21134c99=\"0-2144\">Schon am 4. Juni startet die Amazon-Doku mit Adeyemi und Ehefrau Loredana (30). W\u00e4hrend die Fans einen Blick hinter die Kulissen des Promi-Paares erhalten, besch\u00e4ftigt die Dortmunder Bosse immer noch ein anderes Thema: die Zukunft des Nationalspielers. Seit Monaten ist diese Frage ungekl\u00e4rt. Mehr und mehr verh\u00e4rtet sich dabei im Klubumfeld eine Vermutung \u2026<\/p>\n<p>AD\u00c9yemi \u2013 zockt der BVB-Star auf einen abl\u00f6sefreien Abgang?<\/p>\n<p data-21134c99=\"0-2144\">Fakt ist: Sein Vertrag l\u00e4uft nur noch ein Jahr. Sollte es in den kommenden Monaten keine Einigung geben, droht folgendes Szenario: Der Offensiv-Star k\u00f6nnte 2027 komplett abl\u00f6sefrei die Biege aus dem Pott machen und von einem neuen Arbeitgeber daf\u00fcr ein sattes Handgeld einstreichen. Gut f\u00fcr Adeyemi, ein Drama f\u00fcr Borussia!<\/p>\n<p>\u201eDeutsche Arbeiter-Mentalit\u00e4t\u201c: Warum Nagelsmann Beier statt Adeyemi nominierte<a class=\"anchor video-teaser__anchor\" href=\"https:\/\/www.bild.de\/sport\/fussball\/deutsche-arbeiter-mentalitaet-warum-nagelsmann-beier-statt-adeyemi-nominierte-6a0ecd8f3b7096456ac7e284\" rel=\"nofollow noopener\" target=\"_blank\"><img decoding=\"async\" width=\"992\" height=\"558\" alt=\"\" src=\"https:\/\/www.europesays.com\/de\/wp-content\/uploads\/2026\/06\/38f429480563aa6a65c7d3a2a7e86d61-landscape,e59c1643.jpeg\"   class=\"landscape teaser__image\" loading=\"lazy\"\/><\/a><\/p>\n<p>Quelle: DFB21.05.2026<\/p>\n<p data-21134c99=\"0-2144\">Die verpasste WM-Nominierung Adeyemis kommt f\u00fcr den BVB auch deshalb ungelegen, weil die Gespr\u00e4che \u00fcber einen neuen Vertrag festgefahren sind. Nach BILD-Informationen liegen die Vorstellungen beider Seiten weiterhin weit auseinander: Adeyemi verdient aktuell rund 6,5 Mio. Euro, fordert f\u00fcr eine neue Unterschrift angeblich aber \u00fcber 10 Mio. Euro j\u00e4hrlich. Eine Gehaltsvorstellung, die mit seinen enormen Leistungsschwankungen der abgelaufenen Saison kaum zusammenpasst. Zur Erinnerung: In der R\u00fcckserie war Adeyemi (10 Tore, 6 Vorlagen) Stammgast auf der BVB-Bank. Was die Verhandlungen zudem weiter erschwert: Adeyemi (Marktwert von 60 auf 40 Mio. Euro gefallen) und seine Berater dr\u00e4ngen weiter auf eine Ausstiegsklausel.<\/p>\n<p data-21134c99=\"0-2144\">Kohle und Klausel \u2013 am Ende vielleicht alles bewusst \u00fcberzogene Forderungen, weil man in Wahrheit gar keinen neuen BVB-Deal will? <\/p>\n<p data-21134c99=\"0-2144\">Mit Adeyemi ohne Verl\u00e4ngerung ins letzte Vertragsjahr zu gehen, ist f\u00fcr BVB-Sportdirektor Ole Book (40) \u201enicht die pr\u00e4ferierte L\u00f6sung\u201c, wie er j\u00fcngst im Sport BILD-Interview erkl\u00e4rte. Hei\u00dft: verl\u00e4ngern oder verkaufen in diesem Sommer.<\/p>\n<p data-21134c99=\"0-2144\">Je l\u00e4nger der Fall ungekl\u00e4rt bleibt, desto mehr steigt f\u00fcr den BVB die Gefahr, dass der Offensivmann im n\u00e4chsten Jahr abl\u00f6sefrei ad\u00e9 sagt \u2026<\/p>\n","protected":false},"excerpt":{"rendered":"TTS-Player \u00fcberspringen\u21b5Artikel weiterlesen BVB-Star Karim Adeyemi (24) wird in diesem Sommer zwar nicht auf der ganz gro\u00dfen WM-B\u00fchne&hellip;\n","protected":false},"author":2,"featured_media":1062927,"comment_status":"","ping_status":"","sticky":false,"template":"","format":"standard","meta":{"footnotes":"","_share_on_mastodon":"0"},"categories":[1833],"tags":[104891,888,3364,29,217,538,30,9208,1209,803,819],"class_list":["post-1062926","post","type-post","status-publish","format-standard","has-post-thumbnail","category-dortmund","tag-adeyemi-karim","tag-borussia-dortmund","tag-de","tag-deutschland","tag-dortmund","tag-erste-bundesliga","tag-germany","tag-kehl-sebastian","tag-nordrhein-westfalen","tag-spielertransfer","tag-sport-leuchtturm-essen"],"share_on_mastodon":{"url":"https:\/\/pubeurope.com\/@de\/116677450806628821","error":""},"_links":{"self":[{"href":"https:\/\/www.europesays.com\/de\/wp-json\/wp\/v2\/posts\/1062926","targetHints":{"allow":["GET"]}}],"collection":[{"href":"https:\/\/www.europesays.com\/de\/wp-json\/wp\/v2\/posts"}],"about":[{"href":"https:\/\/www.europesays.com\/de\/wp-json\/wp\/v2\/types\/post"}],"author":[{"embeddable":true,"href":"https:\/\/www.europesays.com\/de\/wp-json\/wp\/v2\/users\/2"}],"replies":[{"embeddable":true,"href":"https:\/\/www.europesays.com\/de\/wp-json\/wp\/v2\/comments?post=1062926"}],"version-history":[{"count":0,"href":"https:\/\/www.europesays.com\/de\/wp-json\/wp\/v2\/posts\/1062926\/revisions"}],"wp:featuredmedia":[{"embeddable":true,"href":"https:\/\/www.europesays.com\/de\/wp-json\/wp\/v2\/media\/1062927"}],"wp:attachment":[{"href":"https:\/\/www.europesays.com\/de\/wp-json\/wp\/v2\/media?parent=1062926"}],"wp:term":[{"taxonomy":"category","embeddable":true,"href":"https:\/\/www.europesays.com\/de\/wp-json\/wp\/v2\/categories?post=1062926"},{"taxonomy":"post_tag","embeddable":true,"href":"https:\/\/www.europesays.com\/de\/wp-json\/wp\/v2\/tags?post=1062926"}],"curies":[{"name":"wp","href":"https:\/\/api.w.org\/{rel}","templated":true}]}}