{"id":1062941,"date":"2026-06-01T23:36:15","date_gmt":"2026-06-01T23:36:15","guid":{"rendered":"https:\/\/www.europesays.com\/de\/1062941\/"},"modified":"2026-06-01T23:36:15","modified_gmt":"2026-06-01T23:36:15","slug":"fussballverband-opposition-fragt-warum-durfte-dfb-sein-finanzamt-wechseln","status":"publish","type":"post","link":"https:\/\/www.europesays.com\/de\/1062941\/","title":{"rendered":"Fu\u00dfballverband: Opposition fragt: Warum durfte DFB sein Finanzamt wechseln?"},"content":{"rendered":"<p class=\"paragraph article__item\">Der Wechsel des zust\u00e4ndigen Finanzamtes f\u00fcr den <a class=\"rtr-entity\" href=\"https:\/\/www.zeit.de\/thema\/dfb\" rel=\"nofollow noopener\" target=\"_blank\">Deutschen Fu\u00dfball-Bund<\/a> (DFB) von Frankfurt nach Bad Homburg im Taunus wirft f\u00fcr Vertreter der Opposition im hessischen Landtag Fragen auf. Die haushaltspolitische Sprecherin der FDP-Fraktion, Marion Schardt-Sauer, erkl\u00e4rte: \u00abDer steuerzahlende B\u00fcrger wundert sich: Darf sich jetzt jeder sein zust\u00e4ndiges Finanzamt nach Belieben und Wohlgef\u00fchl aussuchen? Wohl kaum!\u00bb Deswegen w\u00e4re ein \u00abLex DFB\u00bb nicht hinzunehmen.\u00a0\n<\/p>\n<p>Aktuelles<\/p>\n<p>                <a href=\"https:\/\/www.zeit.de\/politik\/deutschland\/2026-04\/ingolstadt-stadtrat-csu-afd-zweiter-buergermeister-brandmauer-gruene\" data-ct-label=\"Nach der Kommunalwahl in Bayern: Rei\u00dft die Ingolst\u00e4dter CSU die Brandmauer ein?\" data-uuid=\"fb7c6f1a-4a71-45a1-a409-dd08dc963a31\" rel=\"nofollow noopener\" target=\"_blank\"><\/p>\n<p>                        Nach der Kommunalwahl in Bayern:<br \/>\n                        Rei\u00dft die Ingolst\u00e4dter CSU die Brandmauer ein?<\/p>\n<p>                <\/a><\/p>\n<p>                <a href=\"https:\/\/www.zeit.de\/politik\/deutschland\/2026-05\/ingolstadt-stadtrat-wahl-buergermeister-demokratische-mehrheit-woehrl-de-lapuente\" data-ct-label=\"Nach der Kommunalwahl in Bayern: Die Ingolst\u00e4dter Brandmauer steht noch\" data-uuid=\"0d55a83f-895c-4c1f-95b1-3929128751e1\" rel=\"nofollow noopener\" target=\"_blank\"><\/p>\n<p>                        Nach der Kommunalwahl in Bayern:<br \/>\n                        Die Ingolst\u00e4dter Brandmauer steht noch<\/p>\n<p>                <\/a><\/p>\n<p>                <a href=\"https:\/\/www.zeit.de\/politik\/2026-05\/friedrich-merz-spd-fraktion-cdu-matthias-miersch-nachrichtenpodcast\" data-ct-label=\"Nachrichtenpodcast: Koalition im Krisenmodus \u2013 hilft der Besuch vom Kanzler?\" data-uuid=\"b9b91fa3-692d-43f3-b3aa-1cced011a01d\" rel=\"nofollow noopener\" target=\"_blank\"><\/p>\n<p>                        Nachrichtenpodcast:<br \/>\n                        Koalition im Krisenmodus \u2013 hilft der Besuch vom Kanzler?<\/p>\n<p>                <\/a><\/p>\n<p class=\"paragraph article__item\">Der Wechsel werfe Fragen auf, findet auch die parlamentarische Gesch\u00e4ftsf\u00fchrerin der gr\u00fcnen Landtagsfraktion, Miriam Dahlke:\u00a0\u00abLaut Abgabenordnung richtet sich die Zust\u00e4ndigkeit von <a class=\"rtr-entity\" href=\"https:\/\/www.zeit.de\/thema\/finanzamt\" rel=\"nofollow noopener\" target=\"_blank\">Finanz\u00e4mtern<\/a> nach dem Gesch\u00e4ftssitz, beziehungsweise nach dem Sitz der Gesch\u00e4ftsleitung.\u00bb Und der DFB habe nun mal seinen Gesch\u00e4ftssitz in Frankfurt.\u00a0\n<\/p>\n<p class=\"paragraph article__item\">In Berichtsantr\u00e4gen fordern die Fraktionen von <a class=\"rtr-entity\" href=\"https:\/\/www.zeit.de\/thema\/fdp\" rel=\"nofollow noopener\" target=\"_blank\">FDP<\/a> und Gr\u00fcnen Aufkl\u00e4rung von der Landesregierung zu der Frage, warum der DFB das Finanzamt wechseln konnte. \u00abDiese Transparenz ist er den Steuerzahlern schuldig\u00bb, erkl\u00e4rte Schardt-Sauer. Die \u00abS\u00fcddeutsche Zeitung\u00bb hatte \u00fcber den Wechsel des Finanzamtes berichtet. Der DFB erkl\u00e4rte, die Berichterstattung folge keinem Geheimnis.\n<\/p>\n<p>                        DFB und Finanzbeh\u00f6rde lagen im Streit            <\/p>\n<p class=\"paragraph article__item\">Die \u00abS\u00fcddeutsche Zeitung\u00bb verweist auf das angespannte Verh\u00e4ltnis zwischen dem DFB und der Frankfurter Finanzbeh\u00f6rde. Hintergrund ist unter anderem die sogenannte Bandenwerbung-Aff\u00e4re, wegen der dem DFB vom Finanzamt Frankfurt die Gemeinn\u00fctzigkeit f\u00fcr die betroffenen Jahre 2014 und 2015 aberkannt worden war &#8211; mit schwerwiegenden finanziellen Folgen.\u00a0\n<\/p>\n<p class=\"paragraph article__item\">Die gegen den DFB erhobenen Vorw\u00fcrfe der Steuerhinterziehung best\u00e4tigten sich jedoch nicht. Vielmehr endete das Verfahren vor dem Landgericht Frankfurt mit einem Freispruch f\u00fcr den DFB und dessen ehemaligen Schatzmeister Stephan Osnabr\u00fcgge. Die Vorsitzende Richterin Eva-Maria Distler hatte in ihrem Urteil zudem \u00abstrukturelle Schw\u00e4chen bei den Finanzbeh\u00f6rden\u00bb kritisiert.\n<\/p>\n<p class=\"paragraph article__item\">\u00a9 dpa-infocom, dpa:260601-930-157088\/2<\/p>\n","protected":false},"excerpt":{"rendered":"Der Wechsel des zust\u00e4ndigen Finanzamtes f\u00fcr den Deutschen Fu\u00dfball-Bund (DFB) von Frankfurt nach Bad Homburg im Taunus wirft&hellip;\n","protected":false},"author":2,"featured_media":1062942,"comment_status":"","ping_status":"","sticky":false,"template":"","format":"standard","meta":{"footnotes":"","_share_on_mastodon":"0"},"categories":[1829],"tags":[20244,9127,3476,29,187,2050,2051,7112,30,2052,226648,15,4403,13023],"class_list":["post-1062941","post","type-post","status-publish","format-standard","has-post-thumbnail","category-frankfurt-am-main","tag-finanzamt","tag-bad-homburg","tag-deutscher-fussball-bund","tag-deutschland","tag-fdp","tag-frankfurt","tag-frankfurt-am-main","tag-fussballverband","tag-germany","tag-hessen","tag-marion-schardt-sauer","tag-news","tag-sz","tag-taunus"],"share_on_mastodon":{"url":"https:\/\/pubeurope.com\/@de\/116677482148362503","error":""},"_links":{"self":[{"href":"https:\/\/www.europesays.com\/de\/wp-json\/wp\/v2\/posts\/1062941","targetHints":{"allow":["GET"]}}],"collection":[{"href":"https:\/\/www.europesays.com\/de\/wp-json\/wp\/v2\/posts"}],"about":[{"href":"https:\/\/www.europesays.com\/de\/wp-json\/wp\/v2\/types\/post"}],"author":[{"embeddable":true,"href":"https:\/\/www.europesays.com\/de\/wp-json\/wp\/v2\/users\/2"}],"replies":[{"embeddable":true,"href":"https:\/\/www.europesays.com\/de\/wp-json\/wp\/v2\/comments?post=1062941"}],"version-history":[{"count":0,"href":"https:\/\/www.europesays.com\/de\/wp-json\/wp\/v2\/posts\/1062941\/revisions"}],"wp:featuredmedia":[{"embeddable":true,"href":"https:\/\/www.europesays.com\/de\/wp-json\/wp\/v2\/media\/1062942"}],"wp:attachment":[{"href":"https:\/\/www.europesays.com\/de\/wp-json\/wp\/v2\/media?parent=1062941"}],"wp:term":[{"taxonomy":"category","embeddable":true,"href":"https:\/\/www.europesays.com\/de\/wp-json\/wp\/v2\/categories?post=1062941"},{"taxonomy":"post_tag","embeddable":true,"href":"https:\/\/www.europesays.com\/de\/wp-json\/wp\/v2\/tags?post=1062941"}],"curies":[{"name":"wp","href":"https:\/\/api.w.org\/{rel}","templated":true}]}}