{"id":1063016,"date":"2026-06-02T00:20:53","date_gmt":"2026-06-02T00:20:53","guid":{"rendered":"https:\/\/www.europesays.com\/de\/1063016\/"},"modified":"2026-06-02T00:20:53","modified_gmt":"2026-06-02T00:20:53","slug":"3-gemeinsame-presseerklaerung-der-staatsanwaltschaft-paderborn-und-dem-polizeipraesidium-bielefeld-versuchtes-toetungsdelikt-in-paderborn","status":"publish","type":"post","link":"https:\/\/www.europesays.com\/de\/1063016\/","title":{"rendered":"3. Gemeinsame Presseerkl\u00e4rung der Staatsanwaltschaft Paderborn und dem Polizeipr\u00e4sidium Bielefeld: Versuchtes T\u00f6tungsdelikt in Paderborn"},"content":{"rendered":"<p id=\"absatz1\" class=\"em_text\">Bielefeld (ots) &#8211; <br \/>CS \/ Bielefeld \/ Paderborn \/ &#8211; Im Rahmen von umfangreichen Durchsuchungs- und Fahndungsma\u00dfnahmen konnte ein mutma\u00dflicher Tatverd\u00e4chtiger f\u00fcr die Messerstecherei am 30.05.2026 am Montagnachmittag, 01.06.2026 vorl\u00e4ufig festgenommen werden.<\/p>\n<p id=\"absatz2\" class=\"em_text\">Aufgrund des Zeugenaufrufes am Wochenende haben sich mehrere Zeugen mit wichtigen Hinweisen an die Mordkommission der Polizei Bielefeld gewendet. Einer dieser Hinweise f\u00fchrte zu dem m\u00f6glichen Tatverd\u00e4chtigen.<\/p>\n<p id=\"absatz4\" class=\"em_text\">Der 55-j\u00e4hrige Deutsche mit kasachischen Wurzeln ist bereits polizeilich in Erscheinung getreten. Am Sonntagnachmittag konnte das Opfer, der 39-j\u00e4hrige Ukrainer, von Polizeibeamten befragt werden. Es gelang dem 39-J\u00e4hrigen den T\u00e4ter anhand von Fotos zu identifizieren.<\/p>\n<p id=\"absatz5\" class=\"em_text\">Es wurden umfangreiche Fahndungsma\u00dfnahmen eingeleitet. Im Zuge der derer konnte der 55-j\u00e4hrige Tatverd\u00e4chtige im Paderborner Stadtgebiet angetroffen und vorl\u00e4ufig festgenommen werden. Er soll morgen nach Pr\u00fcfung des Sachverhalts durch die Staatsanwaltschaft Paderborn einem Haftrichter vorgef\u00fchrt werden. Er steht im dringenden Tatverdacht einen versuchten Totschlag sowie eine gef\u00e4hrliche K\u00f6rperverletzung zum Nachteil des 39-J\u00e4hrigen begangen zu haben.<\/p>\n<p id=\"absatz6\" class=\"em_text\">Nach bisherigen Erkenntnissen k\u00f6nnte ein vorausgegangener Streit der Ausl\u00f6ser f\u00fcr die Tat gewesen sein. Der 39-j\u00e4hrige Ukrainer sagte gegen\u00fcber den Polizeibeamten aus, dass er bei einem Spaziergang auf eine Gruppe junger, ukrainischer Frauen aufmerksam wurde, die massiv durch den 55-J\u00e4hrigen bedroht und bel\u00e4stigt wurden. Er sei eingeschritten und habe die Frauen in Schutz nehmen wollen. Nachdem der 55-J\u00e4hrige sich entfernt hatte, ging der 39-J\u00e4hrige nach eigener Aussage ebenfalls seines Weges und wurde dann zu einem sp\u00e4teren Zeitpunkt von dem Tatverd\u00e4chtigen mit einem Messer attackiert. Er befindet sich durch eine not\u00e4rztliche Behandlung mittlerweile au\u00dfer Lebensgefahr.<\/p>\n<p id=\"absatz7\" class=\"em_text\">1. Pressemeldung vom 31.05.2026, 01:35 Uhr<br \/><a href=\"https:\/\/www.presseportal.de\/blaulicht\/pm\/12522\/6285059\" target=\"_blank\" rel=\"nofollow noopener\">https:\/\/www.presseportal.de\/blaulicht\/pm\/12522\/6285059<\/a><\/p>\n<p id=\"absatz8\" class=\"em_text\">2. Pressemeldung vom 31.05.2026, 14:13 Uhr<br \/><a href=\"https:\/\/www.presseportal.de\/blaulicht\/pm\/12522\/6285266\" target=\"_blank\" rel=\"nofollow noopener\">https:\/\/www.presseportal.de\/blaulicht\/pm\/12522\/6285266<\/a><\/p>\n<p id=\"absatz9\" class=\"em_text\">Quelle: <a href=\"https:\/\/www.presseportal.de\/blaulicht\/pm\/12522\/6286230\" rel=\"nofollow noopener\" target=\"_blank\">https:\/\/www.presseportal.de\/blaulicht\/pm\/12522\/6286230<\/a> <\/p>\n","protected":false},"excerpt":{"rendered":"Bielefeld (ots) &#8211; CS \/ Bielefeld \/ Paderborn \/ &#8211; Im Rahmen von umfangreichen Durchsuchungs- und Fahndungsma\u00dfnahmen konnte&hellip;\n","protected":false},"author":2,"featured_media":215667,"comment_status":"","ping_status":"","sticky":false,"template":"","format":"standard","meta":{"footnotes":"","_share_on_mastodon":"0"},"categories":[1841],"tags":[1605,205013,3364,29,226662,30,1584,5514,1209,176,727,121,11413,23992,20035,1997,9958,4578],"class_list":["post-1063016","post","type-post","status-publish","format-standard","has-post-thumbnail","category-bielefeld","tag-bielefeld","tag-cs","tag-de","tag-deutschland","tag-fahndungsmassnahme","tag-germany","tag-kriminalitaet","tag-messerstecherei","tag-nordrhein-westfalen","tag-nrw","tag-paderborn","tag-polizei","tag-polizeipraesidium","tag-presseerklaerung","tag-serie_polizeibericht","tag-staatsanwaltschaft","tag-toetungsdelikt","tag-zeugenaufruf"],"share_on_mastodon":{"url":"https:\/\/pubeurope.com\/@de\/116677658824916170","error":""},"_links":{"self":[{"href":"https:\/\/www.europesays.com\/de\/wp-json\/wp\/v2\/posts\/1063016","targetHints":{"allow":["GET"]}}],"collection":[{"href":"https:\/\/www.europesays.com\/de\/wp-json\/wp\/v2\/posts"}],"about":[{"href":"https:\/\/www.europesays.com\/de\/wp-json\/wp\/v2\/types\/post"}],"author":[{"embeddable":true,"href":"https:\/\/www.europesays.com\/de\/wp-json\/wp\/v2\/users\/2"}],"replies":[{"embeddable":true,"href":"https:\/\/www.europesays.com\/de\/wp-json\/wp\/v2\/comments?post=1063016"}],"version-history":[{"count":0,"href":"https:\/\/www.europesays.com\/de\/wp-json\/wp\/v2\/posts\/1063016\/revisions"}],"wp:featuredmedia":[{"embeddable":true,"href":"https:\/\/www.europesays.com\/de\/wp-json\/wp\/v2\/media\/215667"}],"wp:attachment":[{"href":"https:\/\/www.europesays.com\/de\/wp-json\/wp\/v2\/media?parent=1063016"}],"wp:term":[{"taxonomy":"category","embeddable":true,"href":"https:\/\/www.europesays.com\/de\/wp-json\/wp\/v2\/categories?post=1063016"},{"taxonomy":"post_tag","embeddable":true,"href":"https:\/\/www.europesays.com\/de\/wp-json\/wp\/v2\/tags?post=1063016"}],"curies":[{"name":"wp","href":"https:\/\/api.w.org\/{rel}","templated":true}]}}