{"id":1063271,"date":"2026-06-02T02:46:16","date_gmt":"2026-06-02T02:46:16","guid":{"rendered":"https:\/\/www.europesays.com\/de\/1063271\/"},"modified":"2026-06-02T02:46:16","modified_gmt":"2026-06-02T02:46:16","slug":"nba-orlando-magic-verpflichtet-trainer-sean-sweeney-sport","status":"publish","type":"post","link":"https:\/\/www.europesays.com\/de\/1063271\/","title":{"rendered":"NBA: Orlando Magic verpflichtet Trainer Sean Sweeney | Sport"},"content":{"rendered":"<p><a class=\"skip-content skip-content--link\" href=\"#in-content-skip-link-target-v-0-0\">TTS-Player \u00fcberspringen\u21b5<\/a><a id=\"in-content-skip-link-target-v-0-0\" class=\"skip-content--target-link-hidden skip-content skip-content--target-link\" href=\"#in-content-skip-link-target-v-0-0\">Artikel weiterlesen<\/a><\/p>\n<p data-21134c99=\"0-1504\"><b>Die Entscheidung ist gefallen. Das <\/b><a href=\"https:\/\/www.bild.de\/themen\/ereignisse\/nba\/sport-nachrichten-news-fotos-videos-15887220.bild.html\" class=\"text-link\" rel=\"nofollow noopener\" target=\"_blank\"><b>NBA<\/b><\/a><b>-Team Orlando Magic hat nach dem <\/b><a href=\"https:\/\/www.bild.de\/sport\/mehr-sport\/nba-beben-bei-den-orlando-magic-wagner-trainer-fliegt-raus-69f8bee96fe2dee7bfb12a7c\" class=\"text-link\" rel=\"nofollow noopener\" target=\"_blank\"><b>Rauswurf von Jamahl Mosley (47)<\/b><\/a><b> einen neuen Cheftrainer gefunden. <\/b><\/p>\n<p data-21134c99=\"0-1504\">Wie das Team aus Florida jetzt mitteilt, wird Sean Sweeney (41) der neue Cheftrainer von den Basketball-Europameistern Franz Wagner (24) und Tristan da Silva (25). <\/p>\n<p> An dieser Stelle findest du Inhalte aus Instagram <\/p>\n<p> Um mit Inhalten aus Instagram und anderen sozialen Netzwerken zu interagieren oder diese darzustellen, brauchen wir deine Zustimmung. <\/p>\n<p> soziale Netzwerke aktivieren  Um eingebettete Inhalte anzuzeigen, ist Ihre jederzeit widerrufliche Einwilligung (\u00fcber den Schalter oder \u00fcber &#8220; <a class=\"embed-placeholder__text-link\" href=\"#\" rel=\"noopener noreferrer\" title=\"Tracking widerrufen\"> Widerruf Tracking und Cookies<\/a> &#8220; am Seitenende) zur Verarbeitung personenbezogener Daten n\u00f6tig.  Dabei k\u00f6nnen Daten in Drittl\u00e4nder wie die USA \u00fcbermittelt werden (Art. 49 Abs. 1 lit. a DSGVO). Mit dem Aktivieren des Inhalts stimmen Sie zu. Weitere Infos finden Sie <a class=\"embed-placeholder__text-link\" href=\"#\" rel=\"noopener noreferrer\" title=\"Zu den Privatsph\u00e4re Einstellungen\"> hier<\/a>. Zum ersten Mal Cheftrainer <\/p>\n<p data-21134c99=\"0-1504\">Aktuell ist Sweeney Assistenztrainer der San Antonio Spurs und wird mit ihnen noch die Finalserie der NBA gegen die New York Knicks bestreiten. <\/p>\n<p data-21134c99=\"0-1504\">Besonders die defensive Stabilit\u00e4t steht bei Sweeneys Arbeit im Fokus. Innerhalb eines Jahres hat er die Spurs zum abwehrst\u00e4rksten Team der Liga gemacht. <\/p>\n<p>Mehr zum Thema<\/p>\n<p data-21134c99=\"0-1504\">Trotz seines noch jungen Alters kann der neue Cheftrainer schon reichlich Erfahrung vorweisen. Er war bereits Co-Trainer bei den Dallas Mavericks und arbeitete im Trainerstab der slowenischen Nationalmannschaft und somit auch mit Luka Doncic. <\/p>\n<p>Erneutes fr\u00fches Magic-Aus in den Playoffs <\/p>\n<p data-21134c99=\"0-1504\">Auch in diesem Jahr schieden die <a href=\"https:\/\/www.bild.de\/sport\/mehr-sport\/nba-orlando-magic-raus-bitteres-playoff-aus-fuer-das-wagner-team-69f7a40323e6b3dbf3c97dcc\" class=\"text-link\" rel=\"nofollow noopener\" target=\"_blank\">Orlando Magic fr\u00fch in den Playoffs aus<\/a>. Trotz einer 3:1-F\u00fchrung gegen die Detroit Pistons verloren sie die Best-of-Seven-Serie. In den beiden vergangenen Jahren war das Team jeweils in der ersten Runde ausgeschieden.<\/p>\n<p data-21134c99=\"0-1504\">Nach dem erneut fr\u00fchen Aus hat sich Orlando nach f\u00fcnf Jahren von Jamahl Mosley getrennt. Damals erkl\u00e4rte Teampr\u00e4sident Jeff Weltman: \u201eWir sind Jamahl dankbar f\u00fcr alles, was er geleistet hat. Aber wir brauchen eine neue Stimme und eine frische Perspektive.\u201c <\/p>\n<p data-21134c99=\"0-1504\">Die hat der Klub jetzt mit Sean Sweeney gefunden. <\/p>\n","protected":false},"excerpt":{"rendered":"TTS-Player \u00fcberspringen\u21b5Artikel weiterlesen Die Entscheidung ist gefallen. Das NBA-Team Orlando Magic hat nach dem Rauswurf von Jamahl Mosley&hellip;\n","protected":false},"author":2,"featured_media":1063272,"comment_status":"","ping_status":"","sticky":false,"template":"","format":"standard","meta":{"footnotes":"","_share_on_mastodon":"0"},"categories":[136],"tags":[1263,2493,29,30,18974,15918,18973,265,18975],"class_list":["post-1063271","post","type-post","status-publish","format-standard","has-post-thumbnail","category-sport","tag-aufmacher-bereich","tag-basketball","tag-deutschland","tag-germany","tag-moritz-wagner","tag-nba","tag-orlando-magic","tag-sport","tag-wagner-franz"],"share_on_mastodon":{"url":"https:\/\/pubeurope.com\/@de\/116678229330804531","error":""},"_links":{"self":[{"href":"https:\/\/www.europesays.com\/de\/wp-json\/wp\/v2\/posts\/1063271","targetHints":{"allow":["GET"]}}],"collection":[{"href":"https:\/\/www.europesays.com\/de\/wp-json\/wp\/v2\/posts"}],"about":[{"href":"https:\/\/www.europesays.com\/de\/wp-json\/wp\/v2\/types\/post"}],"author":[{"embeddable":true,"href":"https:\/\/www.europesays.com\/de\/wp-json\/wp\/v2\/users\/2"}],"replies":[{"embeddable":true,"href":"https:\/\/www.europesays.com\/de\/wp-json\/wp\/v2\/comments?post=1063271"}],"version-history":[{"count":0,"href":"https:\/\/www.europesays.com\/de\/wp-json\/wp\/v2\/posts\/1063271\/revisions"}],"wp:featuredmedia":[{"embeddable":true,"href":"https:\/\/www.europesays.com\/de\/wp-json\/wp\/v2\/media\/1063272"}],"wp:attachment":[{"href":"https:\/\/www.europesays.com\/de\/wp-json\/wp\/v2\/media?parent=1063271"}],"wp:term":[{"taxonomy":"category","embeddable":true,"href":"https:\/\/www.europesays.com\/de\/wp-json\/wp\/v2\/categories?post=1063271"},{"taxonomy":"post_tag","embeddable":true,"href":"https:\/\/www.europesays.com\/de\/wp-json\/wp\/v2\/tags?post=1063271"}],"curies":[{"name":"wp","href":"https:\/\/api.w.org\/{rel}","templated":true}]}}