{"id":1063376,"date":"2026-06-02T03:48:22","date_gmt":"2026-06-02T03:48:22","guid":{"rendered":"https:\/\/www.europesays.com\/de\/1063376\/"},"modified":"2026-06-02T03:48:22","modified_gmt":"2026-06-02T03:48:22","slug":"stuttgart-mitte-junge-frau-sexuell-belaestigt-gegen-verdaechtigen-lag-haftbefehl-vor","status":"publish","type":"post","link":"https:\/\/www.europesays.com\/de\/1063376\/","title":{"rendered":"Stuttgart-Mitte: Junge Frau sexuell bel\u00e4stigt \u2013 gegen Verd\u00e4chtigen lag Haftbefehl vor"},"content":{"rendered":"<p>\t\t\t\t\t\t\t\t\t\t\t\t\t\t\t\t\t\t\t\t\t\t\t\t\t\t\t\t      \t\t            \t\t             \t\t\t\t   \t\t\t\t\t   <img decoding=\"async\" id=\"article-image\" fetchpriority=\"high\" alt=\"Stuttgart-Mitte: Junge Frau sexuell bel\u00e4stigt \u2013 gegen Verd\u00e4chtigen lag Haftbefehl vor\" title=\"Stuttgart-Mitte: Junge Frau sexuell bel\u00e4stigt \u2013 gegen Verd\u00e4chtigen lag Haftbefehl vor\" src=\"https:\/\/www.europesays.com\/de\/wp-content\/uploads\/2026\/06\/media.media.340140cf-072d-43e8-ba00-e0730b6bfa85.16x9_700.jpg\" data-linkto=\"https:\/\/www.stuttgarter-nachrichten.de\/javascript:void(0);\"\/>\t\t\t\t\t\t\t\t\t\t\t\t\t\t\t\t\t\t\t\t\t\t\t\tDer 34-J\u00e4hrige wurde in ein Gef\u00e4ngnis eingewiesen. (Symbolbild)\u00a0Foto: Marcus Brandt\/dpa\t\t\t<\/p>\n<p>Ein 34-J\u00e4hriger soll eine 18-J\u00e4hrige beim Verlassen eines Clubs gegen ihren Willen gek\u00fcsst haben. Bei der Festnahme stellen Polizisten fest, dass gegen den Mann ein Haftbefehl vorlag.<\/p>\n<p> Ein 34 Jahre alter Mann soll am fr\u00fchen Samstagmorgen eine 18 Jahre alte Frau in der K\u00f6nigstra\u00dfe in <a href=\"https:\/\/www.stuttgarter-nachrichten.de\/thema\/Stuttgart-Mitte\" title=\"Stuttgart-Mitte\" class=\"art_thema\" rel=\"nofollow noopener\" target=\"_blank\">Stuttgart-Mitte<\/a> sexuell bel\u00e4stigt haben. Bei der darauffolgenden <a href=\"https:\/\/www.stuttgarter-nachrichten.de\/thema\/Festnahme\" title=\"Festnahme\" class=\"art_thema\" rel=\"nofollow noopener\" target=\"_blank\">Festnahme<\/a> bemerkten die Polizeibeamten, dass ein <a href=\"https:\/\/www.stuttgarter-nachrichten.de\/thema\/Haftbefehl\" title=\"Haftbefehl\" class=\"art_thema\" rel=\"nofollow noopener\" target=\"_blank\">Haftbefehl<\/a> gegen den Mann vorliegt. Er sitzt mittlerweile im Gef\u00e4ngnis.<\/p>\n<p>Wie die <a href=\"https:\/\/www.stuttgarter-nachrichten.de\/thema\/Polizei\" title=\"Polizei\" class=\"art_thema\" rel=\"nofollow noopener\" target=\"_blank\">Polizei<\/a> meldet, spracht die Frau gegen 4 Uhr Polizeibeamte an und teilte mit, dass sie der 34-J\u00e4hrige beim Verlassen eines Clubs in der K\u00f6nigstra\u00dfe gegen ihren Willen auf den Mund gek\u00fcsst haben soll. <\/p>\n<p>Die Polizeibeamten konnten den 34-J\u00e4hrigen festnehmen. Dabei stellte es sich auch heraus, dass der Mann mit einem Haftbefehl gesucht wird, weshalb er nach Abschluss der polizeilichen Ma\u00dfnahmen in ein Gef\u00e4ngnis eingewiesen wurde.<\/p>\n","protected":false},"excerpt":{"rendered":"Der 34-J\u00e4hrige wurde in ein Gef\u00e4ngnis eingewiesen. (Symbolbild)\u00a0Foto: Marcus Brandt\/dpa Ein 34-J\u00e4hriger soll eine 18-J\u00e4hrige beim Verlassen eines&hellip;\n","protected":false},"author":2,"featured_media":1063377,"comment_status":"","ping_status":"","sticky":false,"template":"","format":"standard","meta":{"footnotes":"","_share_on_mastodon":"0"},"categories":[1830],"tags":[1634,3364,29,980,30,503,121,8248,8247,1441,18960],"class_list":["post-1063376","post","type-post","status-publish","format-standard","has-post-thumbnail","category-stuttgart","tag-baden-wuerttemberg","tag-de","tag-deutschland","tag-festnahme","tag-germany","tag-haftbefehl","tag-polizei","tag-polizeibericht-stuttgart","tag-sexuelle-belaestigung","tag-stuttgart","tag-stuttgart-mitte"],"share_on_mastodon":{"url":"https:\/\/pubeurope.com\/@de\/116678474168723088","error":""},"_links":{"self":[{"href":"https:\/\/www.europesays.com\/de\/wp-json\/wp\/v2\/posts\/1063376","targetHints":{"allow":["GET"]}}],"collection":[{"href":"https:\/\/www.europesays.com\/de\/wp-json\/wp\/v2\/posts"}],"about":[{"href":"https:\/\/www.europesays.com\/de\/wp-json\/wp\/v2\/types\/post"}],"author":[{"embeddable":true,"href":"https:\/\/www.europesays.com\/de\/wp-json\/wp\/v2\/users\/2"}],"replies":[{"embeddable":true,"href":"https:\/\/www.europesays.com\/de\/wp-json\/wp\/v2\/comments?post=1063376"}],"version-history":[{"count":0,"href":"https:\/\/www.europesays.com\/de\/wp-json\/wp\/v2\/posts\/1063376\/revisions"}],"wp:featuredmedia":[{"embeddable":true,"href":"https:\/\/www.europesays.com\/de\/wp-json\/wp\/v2\/media\/1063377"}],"wp:attachment":[{"href":"https:\/\/www.europesays.com\/de\/wp-json\/wp\/v2\/media?parent=1063376"}],"wp:term":[{"taxonomy":"category","embeddable":true,"href":"https:\/\/www.europesays.com\/de\/wp-json\/wp\/v2\/categories?post=1063376"},{"taxonomy":"post_tag","embeddable":true,"href":"https:\/\/www.europesays.com\/de\/wp-json\/wp\/v2\/tags?post=1063376"}],"curies":[{"name":"wp","href":"https:\/\/api.w.org\/{rel}","templated":true}]}}