{"id":1063430,"date":"2026-06-02T04:22:30","date_gmt":"2026-06-02T04:22:30","guid":{"rendered":"https:\/\/www.europesays.com\/de\/1063430\/"},"modified":"2026-06-02T04:22:30","modified_gmt":"2026-06-02T04:22:30","slug":"daten-retter-vom-geomar-in-kiel-blickt-erschrocken-in-die-usa","status":"publish","type":"post","link":"https:\/\/www.europesays.com\/de\/1063430\/","title":{"rendered":"Daten-Retter vom GEOMAR in Kiel blickt &#8222;erschrocken&#8220; in die USA"},"content":{"rendered":"<p>\n                Stand: 02.06.2026 05:00 Uhr<\/p>\n<p class=\"preface\">Donald Trump h\u00e4lt nicht viel vom Klimawandel. Weltweit wichtige Forschungsdaten drohen gel\u00f6scht zu werden. Am GEOMAR in Kiel blickt man &#8222;sehr erschrocken&#8220; Richtung USA &#8211; und will die Daten retten.<\/p>\n<p class=\"\">Die Arbeit von Wissenschaftlerinnen und Wissenschaftlern in den USA ist <a href=\"https:\/\/www.tagesschau.de\/ausland\/amerika\/usa-wissenschaft-trump-100.html\" title=\"Der alte Kampf gegen die Wissenschaft - von Trump neu belebt\" rel=\"nofollow noopener\" target=\"_blank\">in der zweiten Amtszeit von Donald Trump massiv beeintr\u00e4chtigt<\/a>. Es gab bereits Tausende Entlassungen und Budgetk\u00fcrzungen an US-amerikanischen Beh\u00f6rden und Instituten. Dort gespeicherte oder erhobene Daten drohen gel\u00f6scht zu werden. Und wo es noch Datenbanken gibt, fehlen h\u00e4ufig Menschen, die sie pflegen k\u00f6nnen. Projekte von Forschern auf der ganzen Welt stehen dadurch auf der Kippe.<\/p>\n<p>    Wie in einem Puzzle: Ohne US-Daten entstehen L\u00fccken<\/p>\n<p class=\"\">Die USA seien &#8222;ein Riesen-Player in der Wissenschaft&#8220;, sagt S\u00f6ren Lorenz vom GEOMAR Helmholtz-Zentrum f\u00fcr Ozeanforschung in <a href=\"https:\/\/www.ndr.de\/nachrichten\/schleswig-holstein\/Kiel-Aktuelle-Nachrichten-News-und-Videos,kiel7262.html\" title=\"Kiel - Aktuelle Nachrichten und Videos\" rel=\"nofollow noopener\" target=\"_blank\">Kiel<\/a>. Ohne ihre Daten entst\u00fcnden &#8222;L\u00fccken in globalen Zusammenh\u00e4ngen&#8220;. Sogar die Wettervorhersagen f\u00fcr Schleswig-Holstein w\u00e4ren betroffen (hier der <a href=\"https:\/\/www.ndr.de\/nachrichten\/schleswig-holstein\/was-die-wetter-vorhersage-fuer-sh-mit-donald-trump-zu-tun-hat,datenrettung-104.html\" title=\"Was die Wetter-Vorhersage f\u00fcr SH mit Donald Trump zu tun hat\" rel=\"nofollow noopener\" target=\"_blank\">Link zum ganzen Artikel<\/a>).<\/p>\n<p>                    <a href=\"https:\/\/www.europesays.com\/de\/wp-content\/uploads\/2026\/06\/geomar-114.webp\" class=\"zoomimage\" title=\"Bild vergr\u00f6\u00dfern\"><\/p>\n<p>        <img decoding=\"async\" src=\"https:\/\/www.europesays.com\/de\/wp-content\/uploads\/2026\/06\/geomar-114.webp\" alt=\"S\u00f6ren Lorenz vom Geomar.\" title=\"S\u00f6ren Lorenz leitet das GEOMAR-Technologiezentrum f\u00fcr Ozeanforschung in Kiel. | GEOMAR\" class=\"responsive\" loading=\"lazy\"\/><\/p>\n<p>                    <\/a><\/p>\n<p>                    S\u00f6ren Lorenz leitet das GEOMAR-Technologiezentrum f\u00fcr Ozeanforschung in Kiel.<\/p>\n<p class=\"\">Man darf sich das wie ein Puzzle vorstellen, in dem pl\u00f6tzlich die H\u00e4lfte der Teile fehlen w\u00fcrde: Das Puzzle-Bild bliebe grob erkennbar &#8211; viele Ausschnitte m\u00fcsste sich der Betrachter aber dazudenken.<\/p>\n<p>    Es geht um extrem wichtige Daten &#8211; und tausende Schicksale<\/p>\n<p class=\"\">Damit das nicht passiert, wollen Lorenz und GEOMAR-Kollegen helfen. Von Kiel aus sind sie am Aufbau einer unabh\u00e4ngigen Infrastruktur f\u00fcr Daten in Deutschland beteiligt. Im Gespr\u00e4ch wird aber mehr als deutlich, dass der &#8222;Chief Information Officer&#8220; Lorenz nicht nur die Daten im Blick hat &#8211; sondern vor allem auch das Schicksal der Forschenden auf der anderen Seite des Atlantiks.<\/p>\n<p class=\"\"><strong>NDR.de: Der Wissenschaft drohen in den USA extrem wichtige Daten abhanden zu kommen &#8211; vor allem in der Klimaforschung. Das ist ein Kernbereich Ihres Arbeitgebers. F\u00fchlen Sie sich ein St\u00fcck weit auch pers\u00f6nlich angegriffen?<\/strong><\/p>\n<p class=\"\"><strong>S\u00f6ren Lorenz<\/strong>: Nein, weil es nicht nur unsere Daten sind, die verloren gehen oder in Gefahr sind, sondern Daten der gro\u00dfen internationalen Community in der Klimaforschung. Aber ich betrachte das nat\u00fcrlich mit gro\u00dfer Sorge. Ich finde es eher erschreckend, dass wir das erleben m\u00fcssen, gerade in demokratischen L\u00e4ndern.<\/p>\n<p class=\"\"><strong>Nehmen Sie diese Gefahr f\u00fcr Daten mit nach Hause? Tr\u00e4umen Sie von Donald Trump?<\/strong><\/p>\n<p class=\"\"><strong>Lorenz (lacht)<\/strong>: Nein, ich tr\u00e4ume nicht von Donald Trump. Aber ich bin sehr erschrocken dar\u00fcber, wie schnell eine ganze Administration in diese Richtung gelenkt oder gezwungen werden kann. Ich hoffe sehr, dass wir in Deutschland resilienter sind.<\/p>\n<p>        <img decoding=\"async\" src=\"https:\/\/www.europesays.com\/de\/wp-content\/uploads\/2026\/06\/trump-4982.webp\" alt=\"Eine Montage von Donald Trumps Gesicht, das im Gewitter \u00fcber einem Ort schwebt\" title=\"Eine Montage von Donald Trumps Gesicht, das im Gewitter \u00fcber einem Ort schwebt | Kurt Amthor\" class=\"responsive\" loading=\"lazy\"\/><\/p>\n<p>Extremes Wetter droht noch unberechenbarer zu werden, weil der US-Pr\u00e4sident Klima-Daten l\u00f6schen l\u00e4sst. Aus Kiel kommt Gegenwehr.<\/p>\n<p class=\"\"><strong>Wer oder was wird dort aus Ihrer Sicht in eine bestimmte Richtung gelenkt? <\/strong><\/p>\n<p class=\"\"><strong>Lorenz<\/strong>: F\u00fcr uns als GEOMAR ist da zum Beispiel das NOAA interessant. Das ist eine staatliche Instanz, eine Art Bundesbeh\u00f6rde. Dort werden viele Ozean- und Atmosph\u00e4rendaten bereitgestellt. Dort geraten Mitarbeitende unter Druck, gro\u00dfe Teile werden entlassen. Und wenn niemand da ist, der die Daten kuratieren kann, k\u00f6nnen sie nat\u00fcrlich auch nicht zur Verf\u00fcgung gestellt werden.<\/p>\n<p class=\"\"><strong>Ihre Sorge bezieht sich also zun\u00e4chst mal auf die Menschen, die die Datenbanken pflegen.<\/strong><\/p>\n<p class=\"\"><strong>Lorenz<\/strong>: Ja, genau. Und es geht nat\u00fcrlich auch um die Forschenden in diesen Bereichen. Forschende zum Beispiel im Bereich Klima- und Ozeanforschung geraten unter Druck. Forschung wird in den USA nicht grunds\u00e4tzlich runtergefahren. Aber es gibt Themen und Bereiche, die &#8211; sagen wir mal &#8211; im Moment nicht gef\u00f6rdert werden und gerade nicht so popul\u00e4r sind in der Politik.<\/p>\n<blockquote><p>\n        Wir hatten neulich ein internationales Treffen, da ging es um Datenverf\u00fcgbarkeit (&#8230;). Die Sorge, dass Forschende an ihrer Arbeit gehindert werden, ist gro\u00df. Solche Treffen finden mit besonderen Vorsichtsma\u00dfnahmen statt.<\/p>\n<p>                S\u00f6ren Lorenz, GEOMAR Helmholtz-Zentrum f\u00fcr Ozeanforschung<\/p>\n<\/blockquote>\n<p class=\"\"><strong>Forscherinnen und Forschern werden Kn\u00fcppel zwischen die Beine geschmissen?<\/strong><\/p>\n<p class=\"\"><strong>Lorenz<\/strong>: Vielen Forschenden in internationalen Projekten ist es nicht mehr m\u00f6glich, an Treffen teilzunehmen oder an Publikationen mitzuschreiben, obwohl sie an der Forschung beteiligt waren.<\/p>\n<p class=\"\"><strong>Das h\u00f6rt sich nicht mehr nach einer Demokratie an.<\/strong><\/p>\n<p class=\"\"><strong>Lorenz<\/strong>: Es h\u00f6rt sich zumindest nicht nach Freiheit von Forschung an, sagen wir es mal so. Aber wir d\u00fcrfen auch nicht vergessen, dass wir da in Deutschland sehr privilegiert sind, was die Verankerung der Freiheit von Forschung angeht.<\/p>\n<p class=\"\"><strong>Wie ist es auf dem umgekehrten Weg? Wird es deutschen Forschern schwer gemacht, Kontakt zu Kollegen in den USA aufzubauen?<\/strong><\/p>\n<p class=\"\"><strong>Lorenz<\/strong>: Nein, der Kontaktaufbau funktioniert nach wie vor gut. Es gibt ja auch inoffizielle Kan\u00e4le, \u00fcber die man das machen kann.<\/p>\n<p>        <img decoding=\"async\" src=\"https:\/\/www.europesays.com\/de\/wp-content\/uploads\/2026\/06\/lisa-james-100.webp\" alt=\"Lisa und James in Aix.\" title=\"Lisa und James in Aix. | ARD Paris\" class=\"responsive\" loading=\"lazy\"\/><\/p>\n<p>US-Forscher in Frankreich<\/p>\n<p>US-Wissenschaftler geraten durch die Trump-Regierung immer mehr in Bedr\u00e4ngnis. Manche suchen im Land nach unabh\u00e4ngig finanzierten Stellen, andere gehen ins Ausland &#8211; zum Beispiel nach Frankreich. Wie kommen diese Forscher zurecht? Von M. Strempel.<\/p>\n<p class=\"\"><strong>Wie ist es, wenn deutsche Forscherinnen und Forscher f\u00fcr ihre Arbeit den direkten Austausch ben\u00f6tigen und in die USA reisen wollen oder m\u00fcssen?<\/strong><\/p>\n<p class=\"\"><strong>Lorenz<\/strong>: Was die Einreise angeht, kenne ich jetzt pers\u00f6nlich niemanden, der Schwierigkeiten hatte. Es gibt durchaus auch die Haltung, jetzt erst recht in die USA zu fahren, um Kolleginnen und Kollegen zur Seite zu stehen.<\/p>\n<p class=\"\"><strong>Wie darf ich es mir vorstellen, wenn Forschungstreffen unter diesen Umst\u00e4nden zustande kommen?<\/strong><\/p>\n<p class=\"\"><strong>Lorenz<\/strong>: Wir hatten neulich ein internationales Treffen, da ging es um Datenverf\u00fcgbarkeit &#8211; also zuk\u00fcnftige Infrastrukturen, die die Verf\u00fcgbarkeit von Daten unabh\u00e4ngiger von politischen Entwicklungen machen k\u00f6nnten. Die Sorge, dass Forschende an ihrer Arbeit gehindert werden, ist gro\u00df, solche Treffen finden mit besonderen Vorsichtsma\u00dfnahmen statt.<\/p>\n<p>        <img decoding=\"async\" src=\"https:\/\/www.europesays.com\/de\/wp-content\/uploads\/2026\/06\/usa-flagge-protest-wissenschaft-100.webp\" alt=\"Ein Demonstrant h\u00e4lt eine umgedrehte US-Flagge, im Hintergrund stehen weitere Demonstrierende. \" title=\"Ein Demonstrant h\u00e4lt eine umgedrehte US-Flagge, im Hintergrund stehen weitere Demonstrierende.  | REUTERS\" class=\"responsive\" loading=\"lazy\"\/><\/p>\n<p>K\u00fcrzungen der US-Regierung<\/p>\n<p>Die Trump-Regierung hat Universit\u00e4ten den Kampf angesagt und droht mit existenzbedrohenden K\u00fcrzungen. Doch woher r\u00fchrt diese Feindseligkeit gegen\u00fcber Wissenschaft und Kultur? Sebastian Hesse hat bei Betroffenen nachgefragt.<\/p>\n<p class=\"\"><strong>Forschende in den USA wirken in Interviews h\u00e4ufig sehr gefasst, fast schon klinisch. Wenn Sie Gespr\u00e4che f\u00fchren und keine Kameras dabei sind: Kommt dann Verzweiflung hoch?<\/strong><\/p>\n<p class=\"\"><strong>Lorenz<\/strong>: Daf\u00fcr sind die Kolleginnen und Kollegen Profis genug, um das nicht durchscheinen zu lassen. Aber wenn man sie au\u00dferhalb des professionellen Raumes erlebt, dann merkt man schon, wie sie die Situation extrem besch\u00e4ftigt. Da h\u00e4ngen Existenzen dran. Die Absicherung in den USA im Wissenschaftssystem ist eine andere als bei uns.<\/p>\n<p class=\"\">Das Interview f\u00fchrte Arne Helms, NDR Schleswig-Holstein.<\/p>\n<p>        <img decoding=\"async\" src=\"https:\/\/www.europesays.com\/de\/wp-content\/uploads\/2026\/06\/trump-wissenschaftlier-proteste-100.webp\" alt=\"Demonstranten bei einem &quot;Stand up for Science&quot;-Protest in Philadelphia\" title=\"Demonstranten bei einem &quot;Stand up for Science&quot;-Protest in Philadelphia | AP\" class=\"responsive\" loading=\"lazy\"\/><\/p>\n<p>K\u00fcrzungen und Entlassungen<\/p>\n<p>Proteste gegen US-Pr\u00e4sident Trump sind bisher eher selten. Nun haben Tausende Wissenschaftler gegen K\u00fcrzungen demonstriert. Die Regierung streicht unterdessen einer der renommiertesten US-Universit\u00e4ten die F\u00f6rdergelder.<\/p>\n<p>        <img decoding=\"async\" src=\"https:\/\/www.europesays.com\/de\/wp-content\/uploads\/2026\/06\/noaa-102.webp\" alt=\"Das Logo der &quot;National Oceanic and Atmospheric Administration&quot; (NOAA) h\u00e4ngt am Nation Hurricane Center in Miami.\" title=\"Das Logo der &quot;National Oceanic and Atmospheric Administration&quot; (NOAA) h\u00e4ngt am Nation Hurricane Center in Miami. | AFP\" class=\"responsive\" loading=\"lazy\"\/><\/p>\n<p>Umweltdaten in Gefahr<\/p>\n<p>Wegen der Umstrukturierungen in US-Beh\u00f6rden, die zentrale Plattformen f\u00fcr Umwelt- und Klimadaten bereitstellen, sind Datenbest\u00e4nde gef\u00e4hrdet. Deutsche Einrichtungen engagieren sich f\u00fcr ihre Rettung. Von Oliver Matthes.<\/p>\n<p>        <img decoding=\"async\" src=\"https:\/\/www.europesays.com\/de\/wp-content\/uploads\/2026\/06\/daten-104.webp\" alt=\"Micky Lindlar am Laptop beim Daten retten.\" title=\"Micky Lindlar am Laptop beim Daten retten. | NDR, Kristin H\u00e4femeier\" class=\"responsive\" loading=\"lazy\"\/><\/p>\n<p>In den USA verschwinden auf Gehei\u00df von Donald Trump wissenschaftliche Daten aus dem Internet. In Hannover werden sie gerettet.<\/p>\n","protected":false},"excerpt":{"rendered":"Stand: 02.06.2026 05:00 Uhr Donald Trump h\u00e4lt nicht viel vom Klimawandel. Weltweit wichtige Forschungsdaten drohen gel\u00f6scht zu werden.&hellip;\n","protected":false},"author":2,"featured_media":1063431,"comment_status":"","ping_status":"","sticky":false,"template":"","format":"standard","meta":{"footnotes":"","_share_on_mastodon":"0"},"categories":[1852],"tags":[5398,64668,1743,3364,29,33499,548,663,3934,597,18461,30,13,2134,4949,1548,952,26281,16187,14,15,16,12,1971,113,64,193],"class_list":["post-1063430","post","type-post","status-publish","format-standard","has-post-thumbnail","category-kiel","tag-daten","tag-datenrettung","tag-datenschutz","tag-de","tag-deutschland","tag-einschraenkungen","tag-eu","tag-europa","tag-europe","tag-forschung","tag-geomar","tag-germany","tag-headlines","tag-interview","tag-kiel","tag-klimaschutz","tag-klimawandel","tag-lorenz","tag-meer-und-kueste","tag-nachrichten","tag-news","tag-politik","tag-schlagzeilen","tag-schleswig-holstein","tag-trump","tag-usa","tag-wissenschaft"],"share_on_mastodon":{"url":"https:\/\/pubeurope.com\/@de\/116678608330118229","error":""},"_links":{"self":[{"href":"https:\/\/www.europesays.com\/de\/wp-json\/wp\/v2\/posts\/1063430","targetHints":{"allow":["GET"]}}],"collection":[{"href":"https:\/\/www.europesays.com\/de\/wp-json\/wp\/v2\/posts"}],"about":[{"href":"https:\/\/www.europesays.com\/de\/wp-json\/wp\/v2\/types\/post"}],"author":[{"embeddable":true,"href":"https:\/\/www.europesays.com\/de\/wp-json\/wp\/v2\/users\/2"}],"replies":[{"embeddable":true,"href":"https:\/\/www.europesays.com\/de\/wp-json\/wp\/v2\/comments?post=1063430"}],"version-history":[{"count":0,"href":"https:\/\/www.europesays.com\/de\/wp-json\/wp\/v2\/posts\/1063430\/revisions"}],"wp:featuredmedia":[{"embeddable":true,"href":"https:\/\/www.europesays.com\/de\/wp-json\/wp\/v2\/media\/1063431"}],"wp:attachment":[{"href":"https:\/\/www.europesays.com\/de\/wp-json\/wp\/v2\/media?parent=1063430"}],"wp:term":[{"taxonomy":"category","embeddable":true,"href":"https:\/\/www.europesays.com\/de\/wp-json\/wp\/v2\/categories?post=1063430"},{"taxonomy":"post_tag","embeddable":true,"href":"https:\/\/www.europesays.com\/de\/wp-json\/wp\/v2\/tags?post=1063430"}],"curies":[{"name":"wp","href":"https:\/\/api.w.org\/{rel}","templated":true}]}}