{"id":106349,"date":"2025-05-13T03:33:10","date_gmt":"2025-05-13T03:33:10","guid":{"rendered":"https:\/\/www.europesays.com\/de\/106349\/"},"modified":"2025-05-13T03:33:10","modified_gmt":"2025-05-13T03:33:10","slug":"kita-neubau-soll-wegen-flaechenmangel-dreistoeckig-werden","status":"publish","type":"post","link":"https:\/\/www.europesays.com\/de\/106349\/","title":{"rendered":"Kita-Neubau soll wegen Fl\u00e4chenmangel dreist\u00f6ckig werden"},"content":{"rendered":"<p>\t\tKita-Neubau in Holzwickede<br \/>\n\t\t\t\t\tNeue Kita soll wegen Fl\u00e4chenmangel dreist\u00f6ckig werden<\/p>\n<p>\t\t<img alt=\"\" src=\"https:\/\/www.europesays.com\/de\/wp-content\/uploads\/2025\/04\/630_0036_1296479_.jpg\"  class=\"avatar avatar-36 photo avatar-default\" height=\"36\" width=\"36\" loading=\"lazy\" decoding=\"async\"\/>\t\t<a class=\"article-author__name\" href=\"https:\/\/www.hellwegeranzeiger.de\/author\/mathias-gaumann\/\" rel=\"author noopener\" target=\"_blank\">Mathias Gaumann<\/a><br \/>\n\t\tRedakteur<\/p>\n<p>\t13.05.2025 05:00 Uhr<\/p>\n<p>\t\tTeilen<\/p>\n<p>\n\tIn Merkliste \u00fcbernehmen\n<\/p>\n<p>    <a href=\"https:\/\/www.hellwegeranzeiger.de\/wp-content\/uploads\/2025\/02\/25\/16\/630_0900_4519320_0806we_dpa_kleinkind-1648x824.jpg\" target=\"_blank\" rel=\"noopener\"><\/p>\n<p>            <img loading=\"lazy\" decoding=\"async\" src=\"https:\/\/www.europesays.com\/de\/wp-content\/uploads\/2025\/05\/630_0900_4519319_0806we_dpa_kleinkind-640x428.jpg\" width=\"640\" height=\"428\"  alt=\"In Holzwickedes Norden warten viele Eltern auf einen Kita-Betreuungsplatz.\"\/><\/p>\n<p>    <\/a><br \/>\n    In Holzwickedes Norden warten viele Eltern auf einen Kita-Betreuungsplatz. (Symbolbild) \u00a9 picture alliance\/dpa<\/p>\n<p class=\"article__teaser-text\">Nach weiteren Absagen f\u00fcr geeignete Fl\u00e4chen will die Gemeinde Holzwickede nun neue Wege gehen: Eine neue Kita soll auf mehreren Etagen geplant werden.<\/p>\n<p>2 Min Lesezeit<\/p>\n<p>Der Plan: Eine dreist\u00f6ckige Kita in Holzwickedes NordenFl\u00e4chen werden neu gepr\u00fcftZeitdruck w\u00e4chst<\/p>\n<p>\n\t<a href=\"https:\/\/www.hellwegeranzeiger.de\" class=\"button button--brand button--link home-button\" target=\"_blank\" rel=\"noopener\">Zur Startseite<\/a><\/p>\n","protected":false},"excerpt":{"rendered":"Kita-Neubau in Holzwickede Neue Kita soll wegen Fl\u00e4chenmangel dreist\u00f6ckig werden Mathias Gaumann Redakteur 13.05.2025 05:00 Uhr Teilen In&hellip;\n","protected":false},"author":2,"featured_media":106350,"comment_status":"","ping_status":"","sticky":false,"template":"","format":"standard","meta":{"footnotes":""},"categories":[1833],"tags":[3364,29,217,30,41956,1209,8953],"class_list":{"0":"post-106349","1":"post","2":"type-post","3":"status-publish","4":"format-standard","5":"has-post-thumbnail","7":"category-dortmund","8":"tag-de","9":"tag-deutschland","10":"tag-dortmund","11":"tag-germany","12":"tag-kita-neubau","13":"tag-nordrhein-westfalen","14":"tag-schule-kita"},"share_on_mastodon":{"url":"https:\/\/pubeurope.com\/@de\/114498424856758403","error":""},"_links":{"self":[{"href":"https:\/\/www.europesays.com\/de\/wp-json\/wp\/v2\/posts\/106349","targetHints":{"allow":["GET"]}}],"collection":[{"href":"https:\/\/www.europesays.com\/de\/wp-json\/wp\/v2\/posts"}],"about":[{"href":"https:\/\/www.europesays.com\/de\/wp-json\/wp\/v2\/types\/post"}],"author":[{"embeddable":true,"href":"https:\/\/www.europesays.com\/de\/wp-json\/wp\/v2\/users\/2"}],"replies":[{"embeddable":true,"href":"https:\/\/www.europesays.com\/de\/wp-json\/wp\/v2\/comments?post=106349"}],"version-history":[{"count":0,"href":"https:\/\/www.europesays.com\/de\/wp-json\/wp\/v2\/posts\/106349\/revisions"}],"wp:featuredmedia":[{"embeddable":true,"href":"https:\/\/www.europesays.com\/de\/wp-json\/wp\/v2\/media\/106350"}],"wp:attachment":[{"href":"https:\/\/www.europesays.com\/de\/wp-json\/wp\/v2\/media?parent=106349"}],"wp:term":[{"taxonomy":"category","embeddable":true,"href":"https:\/\/www.europesays.com\/de\/wp-json\/wp\/v2\/categories?post=106349"},{"taxonomy":"post_tag","embeddable":true,"href":"https:\/\/www.europesays.com\/de\/wp-json\/wp\/v2\/tags?post=106349"}],"curies":[{"name":"wp","href":"https:\/\/api.w.org\/{rel}","templated":true}]}}