{"id":1063564,"date":"2026-06-02T05:36:18","date_gmt":"2026-06-02T05:36:18","guid":{"rendered":"https:\/\/www.europesays.com\/de\/1063564\/"},"modified":"2026-06-02T05:36:18","modified_gmt":"2026-06-02T05:36:18","slug":"marios-oikonomou-griechischer-ex-nationalspieler-mit-33-jahren-gestorben","status":"publish","type":"post","link":"https:\/\/www.europesays.com\/de\/1063564\/","title":{"rendered":"Marios Oikonomou: Griechischer Ex-Nationalspieler mit 33 Jahren gestorben"},"content":{"rendered":"<p>Trauer in Griechenland <\/p>\n<p>Ex-Nationalspieler stirbt nach Unfall mit Motoroller<\/p>\n<p>02.06.2026 &#8211; 02:16 UhrLesedauer: 2 Min.<\/p>\n<p><a href=\"#focus-0\" class=\"transition-colors duration-200 block text-current relative\" data-sctrack=\"FocusGalleryImage.Reference\"><img fetchpriority=\"high\" data-testid=\"Opener.Image\"   loading=\"eager\" src=\"https:\/\/www.europesays.com\/de\/wp-content\/uploads\/2026\/06\/fc-copenhagen-v-hvidovre-if-test-match-frederiksberg-denmark-frederiksberg-denmark-24th-june-2021-ma.jpeg\" alt=\"imago images 1003268326\" title=\"imago images 1003268326\" width=\"1508\" height=\"848\" class=\"bg-[url:var(--lqipURL)] bg-cover bg-center flex h-full w-full max-w-full\" style=\"--lqipURL:url('https:\/\/images.t-online.de\/2026\/06\/SWNG90SpKdwj\/1167x381:1508x848\/fit-in\/150x0\/filters:blur(25)\/fc-copenhagen-v-hvidovre-if-test-match-frederiksberg-denmark-frederiksberg-denmark-24th-june-2021-marios-oikonomou-36-of-fc-copenhagen-seen-during-a-test-match-between-fc-copenhagen-and-hvidovre-if-at-the-training-facility-of-fc-copenhagen-in-frederiksberg-denmark-frederiksberg-denmark-publicationxnotxinxdenxnorxfinxbel-copyright-xgonzalesxphoto-dejanxobretkovicx.jpg')\" decoding=\"async\"\/><img loading=\"lazy\" src=\"https:\/\/www.t-online.de\/s\/paper\/_next\/static\/media\/zoom-in.f7dae02f.svg\" alt=\"Vergr\u00f6\u00dfern des Bildes\" title=\"Vergr\u00f6\u00dfern des Bildes\" class=\"block h-[calc(var(--height)_\/_16_*_1rem)] w-[calc(var(--width)_\/_16_*_1rem)] max-w-none absolute bottom-8 right-8 rounded-4 bg-snow p-8\" style=\"--width:32;--height:32\" decoding=\"async\"\/><\/a><\/p>\n<p>Marios Oikonomou: Der griechische Spieler ist nach einem schweren Unfall gestorben. (Quelle: Gonzales Photo\/Dejan Obretkovic via www.imago-images.de\/imago)<\/p>\n<p><img loading=\"lazy\" src=\"https:\/\/www.t-online.de\/s\/paper\/_next\/static\/media\/audio-volume.6689034c.svg\" alt=\"\" title=\"\" class=\"block h-[calc(var(--height)_\/_16_*_1rem)] w-[calc(var(--width)_\/_16_*_1rem)] max-w-none group-hover:brightness-0 group-hover:invert\" style=\"--width:16;--height:16\" decoding=\"async\"\/>Vorlesen<\/p>\n<p>Aktuelle Zeit:0:00Gesamtdauer:0:00<\/p>\n<p>1x<\/p>\n<p class=\"text-center\">Jetzt neu bei t-online:<\/p>\n<p class=\"text-center\">Schriftgr\u00f6\u00dfe anpassen!<\/p>\n<p><img loading=\"lazy\" src=\"https:\/\/www.t-online.de\/s\/paper\/_next\/static\/media\/font-sizes.32942e33.svg\" alt=\"\" title=\"\" class=\"block h-[calc(var(--height)_\/_16_*_1rem)] w-[calc(var(--width)_\/_16_*_1rem)] max-w-none group-hover:hidden group-aria-expanded:hidden\" style=\"--width:16;--height:16\" decoding=\"async\"\/><img loading=\"lazy\" src=\"https:\/\/www.t-online.de\/s\/paper\/_next\/static\/media\/font-sizes-dark-mode.e382645c.svg\" alt=\"\" title=\"\" class=\"block h-[calc(var(--height)_\/_16_*_1rem)] w-[calc(var(--width)_\/_16_*_1rem)] max-w-none hidden group-hover:block group-aria-expanded:block\" style=\"--width:16;--height:16\" decoding=\"async\"\/><img loading=\"lazy\" src=\"https:\/\/www.t-online.de\/s\/paper\/_next\/static\/media\/sharing-menu-icon.1eb71368.svg\" alt=\"\" title=\"\" class=\"block h-[calc(var(--height)_\/_16_*_1rem)] w-[calc(var(--width)_\/_16_*_1rem)] max-w-none group-hover:brightness-0 group-hover:invert\" style=\"--width:16;--height:16\" decoding=\"async\"\/>Artikel teilen<\/p>\n<p class=\"font-bold text-18 leading-17 user-text-lg:text-22 user-text-xl:text-24\">Marios Oikonomou galt einst als gro\u00dfe Hoffnung im griechischen Fu\u00dfball. Nun ist der fr\u00fchere Verteidiger im Alter von nur 33 Jahren gestorben.<\/p>\n<p class=\"text-18 leading-17 user-text-lg:text-22 user-text-xl:text-24\">Der fr\u00fchere griechische Nationalspieler Marios Oikonomou ist am Montag an den Folgen eines schweren Verkehrsunfalls gestorben. Das verk\u00fcndete sein Jugendverein PAS Giannina. &#8222;Heute trauert die Familie von PAS Giannina. Marios Oikonomou, ein junger Mann, der sich die Liebe und den Respekt von uns allen verdient hatte, hat uns viel zu fr\u00fch verlassen. Wir haben gemeinsam Momente der Freude, des Einsatzes und des Kampfes erlebt&#8220;, hie\u00df es in der Mitteilung des Vereins, aus der mehrere Medien zitierten.<\/p>\n<p class=\"text-18 leading-17 user-text-lg:text-22 user-text-xl:text-24\">Der 33-J\u00e4hrige war Medienberichten zufolge am 23. Mai in seiner Heimatstadt Giannina im Nordwesten Griechenlands mit seinem Motorroller mit einem Auto zusammengesto\u00dfen und hatte sich dabei schwere Kopfverletzungen zugezogen. Oikonomou wurde auf einer Intensivstation behandelt und in ein k\u00fcnstliches Koma versetzt. Er konnte sich jedoch nicht mehr von den Verletzungen erholen und starb am Montagmorgen.<\/p>\n<p>&#8222;Immer mit einem L\u00e4cheln, immer mit Herzlichkeit&#8220;<\/p>\n<p class=\"text-18 leading-17 user-text-lg:text-22 user-text-xl:text-24\">Oikonomou hatte seine Karriere bei PAS Giannina begonnen und wechselte 2013 nach Italien zu Cagliari Calcio. Sp\u00e4ter spielte er unter anderem f\u00fcr den FC Bologna, SPAL Ferrara, Bari, Sampdoria Genua, AEK Athen, den FC Kopenhagen und Panetolikos. F\u00fcr Griechenland absolvierte er sechs L\u00e4nderspiele. Sein Deb\u00fct gab er am 24. M\u00e4rz 2016 unter dem damaligen Nationaltrainer Michael Skibbe. 2024 beendete Oikonomou seine aktive Laufbahn.<\/p>\n<p class=\"text-18 leading-17 user-text-lg:text-22 user-text-xl:text-24\">Der griechische Fu\u00dfballverband dr\u00fcckte auf der Plattform X Trauer \u00fcber den Tod Oikonomous aus. Er habe sich w\u00e4hrend seiner gesamten Fu\u00dfballkarriere nicht nur durch seine Pr\u00e4senz auf dem Spielfeld ausgezeichnet, sondern auch durch seine Integrit\u00e4t, seine Professionalit\u00e4t und sein L\u00e4cheln \u2013 &#8222;Eigenschaften, die ihm die Wertsch\u00e4tzung und den Respekt seiner Mitspieler, Trainer und Fans einbrachten&#8220;, hie\u00df es. Auch die Uefa sprach den Angeh\u00f6rigen des ehemaligen Fu\u00dfballstars in einem Beitrag auf der Plattform ihr Beileid aus.<\/p>\n","protected":false},"excerpt":{"rendered":"Trauer in Griechenland Ex-Nationalspieler stirbt nach Unfall mit Motoroller 02.06.2026 &#8211; 02:16 UhrLesedauer: 2 Min. Marios Oikonomou: Der&hellip;\n","protected":false},"author":2,"featured_media":1063565,"comment_status":"","ping_status":"","sticky":false,"template":"","format":"standard","meta":{"footnotes":"","_share_on_mastodon":"0"},"categories":[136],"tags":[1217,522,513,29,30,1565,226786,36948,265,1284],"class_list":["post-1063564","post","type-post","status-publish","format-standard","has-post-thumbnail","category-sport","tag-1217","tag-522","tag-auto","tag-deutschland","tag-germany","tag-griechenland","tag-mario-oikonomou","tag-motorroller","tag-sport","tag-unfall"],"share_on_mastodon":{"url":"https:\/\/pubeurope.com\/@de\/116678899453030963","error":""},"_links":{"self":[{"href":"https:\/\/www.europesays.com\/de\/wp-json\/wp\/v2\/posts\/1063564","targetHints":{"allow":["GET"]}}],"collection":[{"href":"https:\/\/www.europesays.com\/de\/wp-json\/wp\/v2\/posts"}],"about":[{"href":"https:\/\/www.europesays.com\/de\/wp-json\/wp\/v2\/types\/post"}],"author":[{"embeddable":true,"href":"https:\/\/www.europesays.com\/de\/wp-json\/wp\/v2\/users\/2"}],"replies":[{"embeddable":true,"href":"https:\/\/www.europesays.com\/de\/wp-json\/wp\/v2\/comments?post=1063564"}],"version-history":[{"count":0,"href":"https:\/\/www.europesays.com\/de\/wp-json\/wp\/v2\/posts\/1063564\/revisions"}],"wp:featuredmedia":[{"embeddable":true,"href":"https:\/\/www.europesays.com\/de\/wp-json\/wp\/v2\/media\/1063565"}],"wp:attachment":[{"href":"https:\/\/www.europesays.com\/de\/wp-json\/wp\/v2\/media?parent=1063564"}],"wp:term":[{"taxonomy":"category","embeddable":true,"href":"https:\/\/www.europesays.com\/de\/wp-json\/wp\/v2\/categories?post=1063564"},{"taxonomy":"post_tag","embeddable":true,"href":"https:\/\/www.europesays.com\/de\/wp-json\/wp\/v2\/tags?post=1063564"}],"curies":[{"name":"wp","href":"https:\/\/api.w.org\/{rel}","templated":true}]}}