{"id":1063643,"date":"2026-06-02T06:21:16","date_gmt":"2026-06-02T06:21:16","guid":{"rendered":"https:\/\/www.europesays.com\/de\/1063643\/"},"modified":"2026-06-02T06:21:16","modified_gmt":"2026-06-02T06:21:16","slug":"tag-der-umwelt-verschiedene-angebote-im-gruenen-hannover","status":"publish","type":"post","link":"https:\/\/www.europesays.com\/de\/1063643\/","title":{"rendered":"Tag der Umwelt &#8211; Verschiedene Angebote im gr\u00fcnen Hannover"},"content":{"rendered":"<p>Zum internationalen Tag der Umwelt am Freitag, 5. Juni, l\u00e4dt die Landeshauptstadt Hannover (LHH) gemeinsam mit verschiedenen Partner*innen zu mehreren F\u00fchrungen und Exkursionen im Stadtgebiet ein. Die Angebote sind Teil des Programms \u201eGr\u00fcnes Hannover\u201c und richten sich an Menschen, die Natur, Klima, Umwelt- und Stadtgeschichte direkt vor der eigenen Haust\u00fcr erfahren m\u00f6chten.<\/p>\n<p>\u201eDer Tag der Umwelt macht deutlich, wie eng Lebensqualit\u00e4t, Klimaschutz und Naturerleben zusammenh\u00e4ngen\u201c, sagt Justin Kirchhoff, Leiter des st\u00e4dtischen Fachbereichs Umwelt und Stadtgr\u00fcn. \u201eMit unseren F\u00fchrungen m\u00f6chten wir Menschen dazu einladen, Hannover neu zu entdecken \u2013 und gleichzeitig sichtbar machen, wie vielf\u00e4ltig Umwelt- und Naturschutz direkt vor Ort gelebt wird.\u201c<\/p>\n<p>Eine F\u00fchrung widmet sich dem Borstgrasrasen an der Alten Peiner Heerstra\u00dfe. Im Fokus stehen die dortigen Sandmagerrasen, ihre besondere Tier- und Pflanzenwelt sowie die naturschutzfachliche Pflege der Fl\u00e4chen \u2013 inklusive der vierbeinigen \u201eLandschaftspflegerinnen\u201c: Schafe und Ziegen.<\/p>\n<p>Dar\u00fcber hinaus findet eine F\u00fchrung \u00fcber den Neust\u00e4dter Friedhof statt. Bei einem Rundgang werden Geschichte und Entwicklung des historischen Friedhofs sowie ausgew\u00e4hlte Grabmale von B\u00fcrgerlichen, Hofdienern und Milit\u00e4rs vorgestellt.<\/p>\n<p>Einen spannenden Spaziergang verspricht die Tour \u201eDie <a href=\"https:\/\/www.hannover-entdecken.de\/suedstadt\/\" data-internallinksmanager029f6b8e52c=\"3688\" title=\"Stadtteil S\u00fcdstadt\" rel=\"nofollow noopener\" target=\"_blank\">S\u00fcdstadt<\/a> im (Klima)Wandel\u201c, die Kathrin Limberg von \u00d6kostadt e. V. durchf\u00fchrt. Die Teilnehmenden erfahren, wie sich dicht bebaute Stadtquartiere an die Folgen des Klimawandels anpassen k\u00f6nnen \u2013 etwa durch Begr\u00fcnung oder schattenspendende Aufenthaltsorte. Denn: Die S\u00fcdstadt zeigt auf kleinem Raum, vor welchen Herausforderungen eine Gro\u00dfstadt angesichts des Klimawandels steht.<\/p>\n<p>Ebenfalls angeboten wird eine Heilpflanzen-Exkursion im <a href=\"https:\/\/www.hannover-entdecken.de\/tiergarten-hannover\/\" data-internallinksmanager029f6b8e52c=\"3947\" title=\"Tiergarten\" rel=\"nofollow noopener\" target=\"_blank\">Tiergarten<\/a>. Dort stehen die Heilkr\u00e4fte verschiedener B\u00e4ume und Pflanzen im Mittelpunkt. Naturinteressierte k\u00f6nnen zudem die bunt bl\u00fchenden Ackerwildkrautschutzfl\u00e4chen am <a href=\"https:\/\/www.hannover-entdecken.de\/kronsberg-hannover\/\" data-internallinksmanager029f6b8e52c=\"3645\" title=\"Kronsberg - Hannovers h\u00f6chste Erhebung\" rel=\"nofollow noopener\" target=\"_blank\">Kronsberg<\/a> erkunden. Besonders zur Bl\u00fctezeit des roten Klatschmohns bietet sich dort ein eindrucksvolles Bild seltener und gesch\u00fctzter Pflanzenarten. F\u00fcr diese beiden Touren gibt es aktuell keine freien Pl\u00e4tze mehr, Interessierte k\u00f6nnen ihren Namen auf die Warteliste setzen lassen.<\/p>\n<p>F\u00fcr alle <a href=\"https:\/\/www.hannover-entdecken.de\/veranstaltungen-hannover\/\" data-internallinksmanager029f6b8e52c=\"3964\" title=\"Veranstaltungen Hannover\" rel=\"nofollow noopener\" target=\"_blank\">Veranstaltungen<\/a> ist eine Anmeldung erforderlich. Die Teilnahme ist immer kostenlos. Weitere Informationen und das vollst\u00e4ndige Programm von \u201eGr\u00fcnes Hannover\u201c gibt es auf <a href=\"https:\/\/hannover.de\/gruenes-hannover\" target=\"_blank\" rel=\"nofollow noopener\">https:\/\/hannover.de\/gruenes-hannover<\/a>.<\/p>\n<p>Der Aktionstag wird seit 1972 j\u00e4hrlich ausgerichtet und geht auf die erste Umweltkonferenz der Vereinten Nationen in Stockholm zur\u00fcck. Heute beteiligen sich weltweit rund 150 Staaten mit Aktionen und Veranstaltungen, um das Bewusstsein f\u00fcr Umwelt- und Klimaschutz zu st\u00e4rken.<\/p>\n","protected":false},"excerpt":{"rendered":"Zum internationalen Tag der Umwelt am Freitag, 5. Juni, l\u00e4dt die Landeshauptstadt Hannover (LHH) gemeinsam mit verschiedenen Partner*innen&hellip;\n","protected":false},"author":2,"featured_media":1063644,"comment_status":"","ping_status":"","sticky":false,"template":"","format":"standard","meta":{"footnotes":"","_share_on_mastodon":"0"},"categories":[1836],"tags":[3364,29,30,46,95576,525,1411,8979,7522],"class_list":["post-1063643","post","type-post","status-publish","format-standard","has-post-thumbnail","category-hannover","tag-de","tag-deutschland","tag-germany","tag-hannover","tag-kronsberg","tag-mitte","tag-niedersachsen","tag-suedstadt","tag-tiergarten"],"share_on_mastodon":{"url":"https:\/\/pubeurope.com\/@de\/116679074667688362","error":""},"_links":{"self":[{"href":"https:\/\/www.europesays.com\/de\/wp-json\/wp\/v2\/posts\/1063643","targetHints":{"allow":["GET"]}}],"collection":[{"href":"https:\/\/www.europesays.com\/de\/wp-json\/wp\/v2\/posts"}],"about":[{"href":"https:\/\/www.europesays.com\/de\/wp-json\/wp\/v2\/types\/post"}],"author":[{"embeddable":true,"href":"https:\/\/www.europesays.com\/de\/wp-json\/wp\/v2\/users\/2"}],"replies":[{"embeddable":true,"href":"https:\/\/www.europesays.com\/de\/wp-json\/wp\/v2\/comments?post=1063643"}],"version-history":[{"count":0,"href":"https:\/\/www.europesays.com\/de\/wp-json\/wp\/v2\/posts\/1063643\/revisions"}],"wp:featuredmedia":[{"embeddable":true,"href":"https:\/\/www.europesays.com\/de\/wp-json\/wp\/v2\/media\/1063644"}],"wp:attachment":[{"href":"https:\/\/www.europesays.com\/de\/wp-json\/wp\/v2\/media?parent=1063643"}],"wp:term":[{"taxonomy":"category","embeddable":true,"href":"https:\/\/www.europesays.com\/de\/wp-json\/wp\/v2\/categories?post=1063643"},{"taxonomy":"post_tag","embeddable":true,"href":"https:\/\/www.europesays.com\/de\/wp-json\/wp\/v2\/tags?post=1063643"}],"curies":[{"name":"wp","href":"https:\/\/api.w.org\/{rel}","templated":true}]}}