{"id":106369,"date":"2025-05-13T03:46:12","date_gmt":"2025-05-13T03:46:12","guid":{"rendered":"https:\/\/www.europesays.com\/de\/106369\/"},"modified":"2025-05-13T03:46:12","modified_gmt":"2025-05-13T03:46:12","slug":"tatort-kommissare-verabschieden-sich-mit-doppelfolge","status":"publish","type":"post","link":"https:\/\/www.europesays.com\/de\/106369\/","title":{"rendered":"&#8222;Tatort&#8220;-Kommissare verabschieden sich mit Doppelfolge"},"content":{"rendered":"<p>Das Ende einer \u00c4ra <\/p>\n<p>Der letzte Fall f\u00fcr die M\u00fcnchner &#8222;Tatort&#8220;-Kommissare<\/p>\n<p>13.05.2025 &#8211; 01:32 UhrLesedauer: 1 Min.<\/p>\n<p><a href=\"#focus-0\" class=\"transition-colors duration-200 focus-within:text-magenta block text-current relative\" data-sctrack=\"FocusGalleryImage.Reference\"><img fetchpriority=\"high\" data-testid=\"Opener.Image\" style=\"--lqipURL:url('https:\/\/images.t-online.de\/2025\/05\/-5rB1QZMu8AH\/28x16:550x309\/fit-in\/150x0\/filters:blur(25)\/das-team-des-muenchener-tatort-aktuell-laufen-die-dreharbeiten-fuer-die-letzten-beiden-folgen-mit-den-kult-kommissaren.jpg')\"   loading=\"eager\" src=\"https:\/\/www.europesays.com\/de\/wp-content\/uploads\/2025\/05\/das-team-des-muenchener-tatort-aktuell-laufen-die-dreharbeiten-fuer-die-letzten-beiden-folgen-mit-de.jpeg\" alt=\"Das Team des M\u00fcnchener &quot;Tatort&quot;: Aktuell laufen die Dreharbeiten f\u00fcr die letzten beiden Folgen mit den Kult-Kommissaren.\" title=\"Das Team des M\u00fcnchener &quot;Tatort&quot;: Aktuell laufen die Dreharbeiten f\u00fcr die letzten beiden Folgen mit den Kult-Kommissaren.\" width=\"550\" height=\"309\" class=\"bg-[url:var(--lqipURL)] bg-cover bg-center flex w-full max-w-full h-full\" decoding=\"async\"\/><img style=\"--width:32;--height:32\" loading=\"lazy\" src=\"https:\/\/www.europesays.com\/de\/wp-content\/uploads\/2025\/04\/zoom-in.f7dae02f.svg.svg+xml\" alt=\"Vergr\u00f6\u00dfern des Bildes\" title=\"Vergr\u00f6\u00dfern des Bildes\" class=\"&#10;        block&#10;        h-[calc(var(--height)_\/_16_*_1rem)]&#10;        w-[calc(var(--width)_\/_16_*_1rem)]&#10;        max-w-none&#10;        absolute bottom-8 right-8 rounded-4 bg-snow p-8\" decoding=\"async\"\/><\/a><\/p>\n<p>Das Team des M\u00fcnchener &#8222;Tatort&#8220;: Aktuell laufen die Dreharbeiten f\u00fcr die letzten beiden Folgen mit den Kult-Kommissaren Batic und Leitmayr. (Quelle: BR\/NEUESUPER GmbH\/Hendrik Heiden)<\/p>\n<p class=\"font-bold text-18 leading-17\">Nach 100 F\u00e4llen endet eine \u00c4ra beim M\u00fcnchner &#8222;Tatort&#8220;. Doch der Abschied von Nemec und Wachtveitl wird alles andere als ruhig. Ein Phantom bedroht die Stadt.<\/p>\n<p class=\"text-18 leading-17\">Ein m\u00f6rderisches Phantom und eine verbrannte Leiche zum Abschied \u2013 so verabschieden sich die M\u00fcnchner &#8222;Tatort&#8220;-Kult-Kommissare Batic und Leitmayr von ihrem Publikum. Seit dem 7. Mai laufen in M\u00fcnchen die Dreharbeiten zu &#8222;Unverg\u00e4nglich&#8220;, den F\u00e4llen 99 und 100 f\u00fcr Miroslav Nemec und Udo Wachtveitl.<\/p>\n<p class=\"text-18 leading-17\">Die als Doppelfolge konzipierte Abschiedsepisode f\u00fchrt die Ermittler noch einmal an ihre Grenzen. Vier Tage vor ihrer Pensionierung wird eine bis zur Unkenntlichkeit verbrannte Frauenleiche in einem st\u00e4dtischen Betriebsraum tief unter dem M\u00fcnchner St.-Quirin-Platz gefunden. Ein Ort, der nicht \u00f6ffentlich zug\u00e4nglich ist \u2013 und offenbar nicht der Tatort war.<\/p>\n<p class=\"text-18 leading-17\">Die Identifizierung des Opfers gestaltet sich als nahezu unm\u00f6glich. W\u00e4hrend die Zeit davonl\u00e4uft, sto\u00dfen Batic und Leitmayr auf ein m\u00f6rderisches Phantom, das unbemerkt durch M\u00fcnchner Mietwohnungen schleicht. Gemeinsam mit Kalli Hammermann (Ferdinand Hofer), der den Fall \u00fcbernehmen m\u00f6chte, ziehen die Kommissare zun\u00e4chst falsche Schl\u00fcsse.<\/p>\n<p class=\"text-18 leading-17\">Um den Fall doch noch zu l\u00f6sen, \u00fcberschreiten die Ermittler schlie\u00dflich sogar ihre dienstlichen Grenzen. Die Ereignisse \u00fcberschlagen sich, und am Ende stehen sie einem ganzen Netz krimineller Gewalt gegen\u00fcber, aus dem es kein Entkommen gibt.<\/p>\n<p class=\"text-18 leading-17\">Regie bei der Doppelfolge f\u00fchrt Sven Bohse (&#8222;Wir kriegen euch alle&#8220;), die Drehb\u00fccher stammen von Johanna Thalmann und Moritz Binder (&#8222;Dreams&#8220;). Neben den Hauptdarstellern sind unter anderem Lara Feith, Daniel No\u00ebl Fleischmann, Stefan Betz, Maxi Schafroth und Eva Karl Faltermeier zu sehen. Ausgestrahlt werden sollen die Folgen im Jahr 2026.<\/p>\n","protected":false},"excerpt":{"rendered":"Das Ende einer \u00c4ra Der letzte Fall f\u00fcr die M\u00fcnchner &#8222;Tatort&#8220;-Kommissare 13.05.2025 &#8211; 01:32 UhrLesedauer: 1 Min. Das&hellip;\n","protected":false},"author":2,"featured_media":106370,"comment_status":"","ping_status":"","sticky":false,"template":"","format":"standard","meta":{"footnotes":""},"categories":[1827],"tags":[3176,772,29,30,29617,1268,218,29615],"class_list":{"0":"post-106369","1":"post","2":"type-post","3":"status-publish","4":"format-standard","5":"has-post-thumbnail","7":"category-muenchen","8":"tag-3176","9":"tag-bayern","10":"tag-deutschland","11":"tag-germany","12":"tag-miroslav-nemec","13":"tag-muenchen","14":"tag-tatort","15":"tag-udo-wachtveitl"},"share_on_mastodon":{"url":"https:\/\/pubeurope.com\/@de\/114498475351766183","error":""},"_links":{"self":[{"href":"https:\/\/www.europesays.com\/de\/wp-json\/wp\/v2\/posts\/106369","targetHints":{"allow":["GET"]}}],"collection":[{"href":"https:\/\/www.europesays.com\/de\/wp-json\/wp\/v2\/posts"}],"about":[{"href":"https:\/\/www.europesays.com\/de\/wp-json\/wp\/v2\/types\/post"}],"author":[{"embeddable":true,"href":"https:\/\/www.europesays.com\/de\/wp-json\/wp\/v2\/users\/2"}],"replies":[{"embeddable":true,"href":"https:\/\/www.europesays.com\/de\/wp-json\/wp\/v2\/comments?post=106369"}],"version-history":[{"count":0,"href":"https:\/\/www.europesays.com\/de\/wp-json\/wp\/v2\/posts\/106369\/revisions"}],"wp:featuredmedia":[{"embeddable":true,"href":"https:\/\/www.europesays.com\/de\/wp-json\/wp\/v2\/media\/106370"}],"wp:attachment":[{"href":"https:\/\/www.europesays.com\/de\/wp-json\/wp\/v2\/media?parent=106369"}],"wp:term":[{"taxonomy":"category","embeddable":true,"href":"https:\/\/www.europesays.com\/de\/wp-json\/wp\/v2\/categories?post=106369"},{"taxonomy":"post_tag","embeddable":true,"href":"https:\/\/www.europesays.com\/de\/wp-json\/wp\/v2\/tags?post=106369"}],"curies":[{"name":"wp","href":"https:\/\/api.w.org\/{rel}","templated":true}]}}