{"id":1063773,"date":"2026-06-02T07:32:16","date_gmt":"2026-06-02T07:32:16","guid":{"rendered":"https:\/\/www.europesays.com\/de\/1063773\/"},"modified":"2026-06-02T07:32:16","modified_gmt":"2026-06-02T07:32:16","slug":"us-medien-ausraster-am-telefon-trump-wuetet-gegen-netanjahu","status":"publish","type":"post","link":"https:\/\/www.europesays.com\/de\/1063773\/","title":{"rendered":"US-Medien: Ausraster am Telefon \u2013 Trump w\u00fctet gegen Netanjahu"},"content":{"rendered":"<p>&#8222;Du bist verdammt nochmal verr\u00fcckt&#8220; <\/p>\n<p>Ausraster am Telefon: Trump w\u00fctet wohl gegen Netanjahu<\/p>\n<p>Aktualisiert am 02.06.2026 &#8211; 08:57 UhrLesedauer: 2 Min.<\/p>\n<p><a href=\"#focus-0\" class=\"transition-colors duration-200 block text-current relative\" data-sctrack=\"FocusGalleryImage.Reference\"><img fetchpriority=\"high\" data-testid=\"Opener.Image\"   loading=\"eager\" src=\"https:\/\/www.europesays.com\/de\/wp-content\/uploads\/2026\/06\/us-praesident-donald-trump-am-telefon-archivbild-cdu-fraktionschef-steffen-bilger-kritisierte-die-er.jpeg\" alt=\"US-Pr\u00e4sident Donald Trump am Telefon (Archivbild): CDU-Fraktionschef Steffen Bilger kritisierte die Ergebnisse des Gespr\u00e4chs.\" title=\"US-Pr\u00e4sident Donald Trump am Telefon (Archivbild): CDU-Fraktionschef Steffen Bilger kritisierte die Ergebnisse des Gespr\u00e4chs.\" width=\"3628\" height=\"2041\" class=\"bg-[url:var(--lqipURL)] bg-cover bg-center flex h-full w-full max-w-full\" style=\"--lqipURL:url('https:\/\/images.t-online.de\/2025\/05\/cqJqwfL-AeJI\/290x416:3628x2041\/fit-in\/150x0\/filters:blur(25)\/us-praesident-donald-trump-am-telefon-archivbild-cdu-fraktionschef-steffen-bilger-kritisierte-die-ergebnisse-des-gespraechs.jpg')\" decoding=\"async\"\/><img loading=\"lazy\" src=\"https:\/\/www.t-online.de\/s\/paper\/_next\/static\/media\/zoom-in.f7dae02f.svg\" alt=\"Vergr\u00f6\u00dfern des Bildes\" title=\"Vergr\u00f6\u00dfern des Bildes\" class=\"block h-[calc(var(--height)_\/_16_*_1rem)] w-[calc(var(--width)_\/_16_*_1rem)] max-w-none absolute bottom-8 right-8 rounded-4 bg-snow p-8\" style=\"--width:32;--height:32\" decoding=\"async\"\/><\/a><\/p>\n<p>US-Pr\u00e4sident Donald Trump am Telefon (Archivbild): Der US-Pr\u00e4sident soll sich \u00fcber Israels Regierungschef beschwert haben. (Quelle: Shealah Craighead\/imago-images-bilder)<\/p>\n<p><img loading=\"lazy\" src=\"https:\/\/www.t-online.de\/s\/paper\/_next\/static\/media\/audio-volume.6689034c.svg\" alt=\"\" title=\"\" class=\"block h-[calc(var(--height)_\/_16_*_1rem)] w-[calc(var(--width)_\/_16_*_1rem)] max-w-none group-hover:brightness-0 group-hover:invert\" style=\"--width:16;--height:16\" decoding=\"async\"\/>Vorlesen<\/p>\n<p>Aktuelle Zeit:0:00Gesamtdauer:0:00<\/p>\n<p>1x<\/p>\n<p class=\"text-center\">Jetzt neu bei t-online:<\/p>\n<p class=\"text-center\">Schriftgr\u00f6\u00dfe anpassen!<\/p>\n<p><img loading=\"lazy\" src=\"https:\/\/www.t-online.de\/s\/paper\/_next\/static\/media\/font-sizes.32942e33.svg\" alt=\"\" title=\"\" class=\"block h-[calc(var(--height)_\/_16_*_1rem)] w-[calc(var(--width)_\/_16_*_1rem)] max-w-none group-hover:hidden group-aria-expanded:hidden\" style=\"--width:16;--height:16\" decoding=\"async\"\/><img loading=\"lazy\" src=\"https:\/\/www.t-online.de\/s\/paper\/_next\/static\/media\/font-sizes-dark-mode.e382645c.svg\" alt=\"\" title=\"\" class=\"block h-[calc(var(--height)_\/_16_*_1rem)] w-[calc(var(--width)_\/_16_*_1rem)] max-w-none hidden group-hover:block group-aria-expanded:block\" style=\"--width:16;--height:16\" decoding=\"async\"\/><img loading=\"lazy\" src=\"https:\/\/www.t-online.de\/s\/paper\/_next\/static\/media\/sharing-menu-icon.1eb71368.svg\" alt=\"\" title=\"\" class=\"block h-[calc(var(--height)_\/_16_*_1rem)] w-[calc(var(--width)_\/_16_*_1rem)] max-w-none group-hover:brightness-0 group-hover:invert\" style=\"--width:16;--height:16\" decoding=\"async\"\/>Artikel teilen<\/p>\n<p class=\"font-bold text-18 leading-17 user-text-lg:text-22 user-text-xl:text-24\">Trump verk\u00fcndet nach Gespr\u00e4chen mit Netanjahu eine Feuerpause im Libanon, trotzdem gehen die K\u00e4mpfe weiter. Am Telefon soll der US-Pr\u00e4sident die Fassung verloren haben.<\/p>\n<p class=\"text-18 leading-17 user-text-lg:text-22 user-text-xl:text-24\">Offiziell verk\u00fcndete US-Pr\u00e4sident <a class=\"transition-colors duration-200 cursor-pointer text-inherit no-underline text-salemsfur md:hover:text-magenta md:hover:border-magenta md:focus:text-magenta border-current border-b border-solid break-words\" data-tracking=\"{&quot;action&quot;:&quot;click&quot;,&quot;category&quot;:&quot;intextLink&quot;,&quot;label&quot;:&quot;\/themen\/donald-trump\/&quot;}\" href=\"https:\/\/www.t-online.de\/themen\/donald-trump\/\" data-sctrack=\"BodyAnchor\" rel=\"nofollow noopener\" target=\"_blank\">Donald Trump<\/a> einen Erfolg. &#8222;Sehr produktiv&#8220; sei sein Telefonat mit Israels Regierungschef <a class=\"transition-colors duration-200 cursor-pointer text-inherit no-underline text-salemsfur md:hover:text-magenta md:hover:border-magenta md:focus:text-magenta border-current border-b border-solid break-words\" data-tracking=\"{&quot;action&quot;:&quot;click&quot;,&quot;category&quot;:&quot;intextLink&quot;,&quot;label&quot;:&quot;\/themen\/benjamin-netanjahu\/&quot;}\" href=\"https:\/\/www.t-online.de\/themen\/benjamin-netanjahu\/\" data-sctrack=\"BodyAnchor\" rel=\"nofollow noopener\" target=\"_blank\">Benjamin Netanjahu<\/a> gewesen, teilte Trump auf seiner Onlineplattform <a class=\"transition-colors duration-200 cursor-pointer text-inherit no-underline text-salemsfur md:hover:text-magenta md:hover:border-magenta md:focus:text-magenta border-current border-b border-solid break-words\" data-tracking=\"{&quot;action&quot;:&quot;click&quot;,&quot;category&quot;:&quot;intextLink&quot;,&quot;label&quot;:&quot;\/themen\/truth-social\/&quot;}\" href=\"https:\/\/www.t-online.de\/themen\/truth-social\/\" data-sctrack=\"BodyAnchor\" rel=\"nofollow noopener\" target=\"_blank\">Truth Social<\/a> mit. Zwischen <a class=\"transition-colors duration-200 cursor-pointer text-inherit no-underline text-salemsfur md:hover:text-magenta md:hover:border-magenta md:focus:text-magenta border-current border-b border-solid break-words\" data-tracking=\"{&quot;action&quot;:&quot;click&quot;,&quot;category&quot;:&quot;intextLink&quot;,&quot;label&quot;:&quot;\/themen\/israel\/&quot;}\" href=\"https:\/\/www.t-online.de\/themen\/israel\/\" data-sctrack=\"BodyAnchor\" rel=\"nofollow noopener\" target=\"_blank\">Israel<\/a> und der radikalislamischen Hisbollah im <a class=\"transition-colors duration-200 cursor-pointer text-inherit no-underline text-salemsfur md:hover:text-magenta md:hover:border-magenta md:focus:text-magenta border-current border-b border-solid break-words\" data-tracking=\"{&quot;action&quot;:&quot;click&quot;,&quot;category&quot;:&quot;intextLink&quot;,&quot;label&quot;:&quot;\/themen\/libanon\/&quot;}\" href=\"https:\/\/www.t-online.de\/themen\/libanon\/\" data-sctrack=\"BodyAnchor\" rel=\"nofollow noopener\" target=\"_blank\">Libanon<\/a> herrsche Waffenruhe. Es w\u00fcrden &#8222;keine israelischen Truppen nach Beirut entsandt, und alle Truppen, die bereits unterwegs sind, wurden bereits zur\u00fcckbeordert&#8220;, so Trump. Doch die K\u00e4mpfe gehen auch am Dienstag weiter. Zum Unmut der USA.<\/p>\n<p>Im Video | Trump verwechselt Kriegspartner<\/p>\n<p><img loading=\"lazy\" src=\"https:\/\/www.t-online.de\/s\/paper\/_next\/static\/media\/loading-indicator-magenta.1f35d8de.svg\" alt=\"Video l\u00e4dt\" title=\"Video l\u00e4dt\" class=\"block h-[calc(var(--height)_\/_16_*_1rem)] w-[calc(var(--width)_\/_16_*_1rem)] max-w-none undefined\" style=\"--width:32;--height:32\" decoding=\"async\"\/>Player wird geladenQuelle: t-online<\/p>\n<p class=\"text-18 leading-17 user-text-lg:text-22 user-text-xl:text-24\">Hinter den Kulissen hei\u00dft es in <a class=\"transition-colors duration-200 cursor-pointer text-inherit no-underline text-salemsfur md:hover:text-magenta md:hover:border-magenta md:focus:text-magenta border-current border-b border-solid break-words\" data-tracking=\"{&quot;action&quot;:&quot;click&quot;,&quot;category&quot;:&quot;intextLink&quot;,&quot;label&quot;:&quot;\/themen\/washington\/&quot;}\" href=\"https:\/\/www.t-online.de\/themen\/washington\/\" data-sctrack=\"BodyAnchor\" rel=\"nofollow noopener\" target=\"_blank\">Washington<\/a>, das Gespr\u00e4ch zwischen Trump und Netanjahu sei weit hitziger verlaufen als von Trump dargestellt. So berichtete die Plattform &#8222;Axios&#8220; am Dienstag unter Berufung auf Insider, Trump habe den israelischen Regierungschef am Telefon angeschrien. Unter Verweis auf einen hochrangigen US-Beamten zitierte &#8222;Axios&#8220; den US-Pr\u00e4sidenten mit den Worten: &#8222;Du bist verdammt nochmal verr\u00fcckt. Du w\u00fcrdest im Gef\u00e4ngnis sitzen, wenn ich nicht w\u00e4re. Ich rette dir den Arsch. Alle hassen dich jetzt. Alle hassen Israel deswegen.&#8220;<\/p>\n<ul class=\"text-18 leading-17 block pl-24 *:pb-16 *:before:inline-block *:before:size-8 *:before:bg-magenta *:before:-ml-[20px] *:before:mb-2 *:before:mr-12 *:before:mt-0\">\n<li><strong class=\"font-bold\">\u00dcberblick:<\/strong> <a class=\"transition-colors duration-200 cursor-pointer text-inherit no-underline text-salemsfur md:hover:text-magenta md:hover:border-magenta md:focus:text-magenta border-current border-b border-solid break-words\" data-tracking=\"{&quot;action&quot;:&quot;click&quot;,&quot;category&quot;:&quot;intextLink&quot;,&quot;label&quot;:&quot;\/nachrichten\/ausland\/krisen\/id_101277646\/nahost-krieg-trump-nennt-naechste-woche-fuer-moegliche-iran-einigung.html&quot;}\" href=\"https:\/\/www.t-online.de\/nachrichten\/ausland\/krisen\/id_101277646\/nahost-krieg-trump-nennt-naechste-woche-fuer-moegliche-iran-einigung.html\" data-sctrack=\"BodyAnchor\" rel=\"nofollow noopener\" target=\"_blank\">Alle Entwicklungen im Nahost-Newsblog<\/a><\/li>\n<li><strong class=\"font-bold\">Analyse:<\/strong> <a class=\"transition-colors duration-200 cursor-pointer text-inherit no-underline text-salemsfur md:hover:text-magenta md:hover:border-magenta md:focus:text-magenta border-current border-b border-solid break-words\" data-tracking=\"{&quot;action&quot;:&quot;click&quot;,&quot;category&quot;:&quot;intextLink&quot;,&quot;label&quot;:&quot;\/nachrichten\/ausland\/krisen\/id_101277992\/israel-droht-im-libanon-krieg-netanjahu-eskaliert-im-nahen-osten-.html&quot;}\" href=\"https:\/\/www.t-online.de\/nachrichten\/ausland\/krisen\/id_101277992\/israel-droht-im-libanon-krieg-netanjahu-eskaliert-im-nahen-osten-.html\" data-sctrack=\"BodyAnchor\" rel=\"nofollow noopener\" target=\"_blank\">Der Feldzug eskaliert<\/a><\/li>\n<\/ul>\n<p class=\"text-18 leading-17 user-text-lg:text-22 user-text-xl:text-24\">Zwischen Israel und dem Libanon gilt seit Mitte April offiziell eine Waffenruhe, die von der Hisbollah allerdings nicht anerkannt wird. Und auch Israel setzt seinen Einsatz gegen die Terrorgruppe im Libanon fort und weitet den sogenannten Sicherheitskorridor im S\u00fcden des Landes aus. Zuletzt nahm das israelische Milit\u00e4r eine Stellung auf der historischen Burg Beaufort ein.<\/p>\n<p class=\"text-18 leading-17 user-text-lg:text-22 user-text-xl:text-24\">Der <a class=\"transition-colors duration-200 cursor-pointer text-inherit no-underline text-salemsfur md:hover:text-magenta md:hover:border-magenta md:focus:text-magenta border-current border-b border-solid break-words\" data-tracking=\"{&quot;action&quot;:&quot;click&quot;,&quot;category&quot;:&quot;intextLink&quot;,&quot;label&quot;:&quot;\/themen\/iran\/&quot;}\" href=\"https:\/\/www.t-online.de\/themen\/iran\/\" data-sctrack=\"BodyAnchor\" rel=\"nofollow noopener\" target=\"_blank\">Iran<\/a> hatte deshalb zuletzt gedroht, die Gespr\u00e4che mit den <a class=\"transition-colors duration-200 cursor-pointer text-inherit no-underline text-salemsfur md:hover:text-magenta md:hover:border-magenta md:focus:text-magenta border-current border-b border-solid break-words\" data-tracking=\"{&quot;action&quot;:&quot;click&quot;,&quot;category&quot;:&quot;intextLink&quot;,&quot;label&quot;:&quot;\/themen\/usa\/&quot;}\" href=\"https:\/\/www.t-online.de\/themen\/usa\/\" data-sctrack=\"BodyAnchor\" rel=\"nofollow noopener\" target=\"_blank\">USA<\/a> \u00fcber einen Frieden am Golf abzubrechen, sollte Netanjahu seine Truppen nicht zur\u00fcckziehen. Trump widersprach dem. &#8222;Die Gespr\u00e4che mit der Islamischen Republik Iran gehen in raschem Tempo weiter&#8220;, schrieb Trump in seinem Onlinedienst Truth Social.<\/p>\n<p><a href=\"#focus-1\" class=\"transition-colors duration-200 block text-current relative\" data-sctrack=\"FocusGalleryImage.Reference\"><img   loading=\"lazy\" src=\"https:\/\/www.europesays.com\/de\/wp-content\/uploads\/2026\/06\/ungeachtet-des-von-trump-verkuendeten-stopps-gegenseitiger-angriffe-droht-netanjahu-der-hisbollah-ar.jpeg\" alt=\"Benjamin Netanjahu\" title=\"Benjamin Netanjahu\" width=\"2048\" height=\"1152\" class=\"h-full w-full max-w-full rounded-8\" decoding=\"async\"\/><img loading=\"lazy\" src=\"https:\/\/www.t-online.de\/s\/paper\/_next\/static\/media\/zoom-in.f7dae02f.svg\" alt=\"Vergr\u00f6\u00dfern des Bildes\" title=\"Vergr\u00f6\u00dfern des Bildes\" class=\"block h-[calc(var(--height)_\/_16_*_1rem)] w-[calc(var(--width)_\/_16_*_1rem)] max-w-none absolute bottom-8 right-8 rounded-4 bg-snow p-8\" style=\"--width:32;--height:32\" decoding=\"async\"\/>Ungeachtet des von Trump verk\u00fcndeten Stopps gegenseitiger Angriffe droht Benjamin Netanjahu der radikalislamischen Hisbollah. (Archivbild) (Quelle: Ohad Zwigenberg\/AP\/dpa\/dpa-bilder)<\/a><\/p>\n<p class=\"text-18 leading-17 user-text-lg:text-22 user-text-xl:text-24\">Laut &#8222;Axios&#8220; warf Trump dem israelischen Regierungschef in dem Telefonat vor, mit seinem Kurs im Libanon die Verhandlungen \u00fcber eine Beendigung des Iran-Kriegs zu gef\u00e4hrden. So berichtete eine zweite Quelle dem Nachrichtenportal, Trump sei &#8222;stinksauer&#8220; gewesen und habe Netanjahu angeblafft: &#8222;Was zur H\u00f6lle machst du da?&#8220;<\/p>\n","protected":false},"excerpt":{"rendered":"&#8222;Du bist verdammt nochmal verr\u00fcckt&#8220; Ausraster am Telefon: Trump w\u00fctet wohl gegen Netanjahu Aktualisiert am 02.06.2026 &#8211; 08:57&hellip;\n","protected":false},"author":2,"featured_media":1063774,"comment_status":"","ping_status":"","sticky":false,"template":"","format":"standard","meta":{"footnotes":"","_share_on_mastodon":"0"},"categories":[5],"tags":[326,331,332,25346,499,3364,29,106,22461,30,13,18544,345,411,7453,7296,14,15,12,3111,64,320],"class_list":["post-1063773","post","type-post","status-publish","format-standard","has-post-thumbnail","category-nachrichten","tag-326","tag-aktuelle-nachrichten","tag-aktuelle-news","tag-beirut","tag-benjamin-netanjahu","tag-de","tag-deutschland","tag-donald-trump","tag-feuerpause","tag-germany","tag-headlines","tag-hisbollah","tag-iran","tag-israel","tag-kampf","tag-libanon","tag-nachrichten","tag-news","tag-schlagzeilen","tag-truth-social","tag-usa","tag-washington"],"share_on_mastodon":{"url":"https:\/\/pubeurope.com\/@de\/116679355717602645","error":""},"_links":{"self":[{"href":"https:\/\/www.europesays.com\/de\/wp-json\/wp\/v2\/posts\/1063773","targetHints":{"allow":["GET"]}}],"collection":[{"href":"https:\/\/www.europesays.com\/de\/wp-json\/wp\/v2\/posts"}],"about":[{"href":"https:\/\/www.europesays.com\/de\/wp-json\/wp\/v2\/types\/post"}],"author":[{"embeddable":true,"href":"https:\/\/www.europesays.com\/de\/wp-json\/wp\/v2\/users\/2"}],"replies":[{"embeddable":true,"href":"https:\/\/www.europesays.com\/de\/wp-json\/wp\/v2\/comments?post=1063773"}],"version-history":[{"count":0,"href":"https:\/\/www.europesays.com\/de\/wp-json\/wp\/v2\/posts\/1063773\/revisions"}],"wp:featuredmedia":[{"embeddable":true,"href":"https:\/\/www.europesays.com\/de\/wp-json\/wp\/v2\/media\/1063774"}],"wp:attachment":[{"href":"https:\/\/www.europesays.com\/de\/wp-json\/wp\/v2\/media?parent=1063773"}],"wp:term":[{"taxonomy":"category","embeddable":true,"href":"https:\/\/www.europesays.com\/de\/wp-json\/wp\/v2\/categories?post=1063773"},{"taxonomy":"post_tag","embeddable":true,"href":"https:\/\/www.europesays.com\/de\/wp-json\/wp\/v2\/tags?post=1063773"}],"curies":[{"name":"wp","href":"https:\/\/api.w.org\/{rel}","templated":true}]}}