{"id":1063807,"date":"2026-06-02T07:51:16","date_gmt":"2026-06-02T07:51:16","guid":{"rendered":"https:\/\/www.europesays.com\/de\/1063807\/"},"modified":"2026-06-02T07:51:16","modified_gmt":"2026-06-02T07:51:16","slug":"auch-im-dritten-anlauf-lok-leipzig-verpasst-aufstieg-und-fordert-konsequenzen","status":"publish","type":"post","link":"https:\/\/www.europesays.com\/de\/1063807\/","title":{"rendered":"Auch im dritten Anlauf: Lok Leipzig verpasst Aufstieg und fordert Konsequenzen"},"content":{"rendered":"<p>Aberkanntes Tor \u201epasst zur Gesamtkonstellation\u201c<\/p>\n<p class=\"text\">\nDoch es gab sie, <a href=\"https:\/\/www.mdr.de\/sport\/fussball_rl\/bericht-aufstiegsspiel-zur-dritten-liga-rueckspiel-wuerzburger-kickers-fc-lok-leipzig-100.html\" title=\"Kein Wunder in W\u00fcrzburg: Der 1. FC Lok Leipzig bleibt in der Regionalliga\" rel=\"nofollow noopener\" target=\"_blank\">die Chancen in W\u00fcrzburg<\/a>. In der 71. Minute glich Lok aus, ein Tor fehlte zur Verl\u00e4ngerung \u2013 doch nur eine Minute sp\u00e4ter, der n\u00e4chste R\u00fcckschlag, die Leipziger gerieten erneut in R\u00fcckstand. Ein nicht gegebener Treffer in der Nachspielzeit setzte der Partie dann noch die Krone auf, konstatierte Trainer Jochen Seitz. &#8222;Es herrscht nur Wut, Entt\u00e4uschung, Leere. Aber nicht, weil die Mannschaft nicht performt hat. Sondern, weil die ganze Fu\u00dfballgeschichte, die nervt nur.&#8220; Und sagte zum nicht gegebenen 2:2: &#8222;Das passt halt zur Gesamtkonstellation.&#8220;\n<\/p>\n<p class=\"text\">\nNach den Meisterschaften 2020, 2025 und 2026 steht Lok wieder mit leeren H\u00e4nden da. F\u00fcr Farid Abderrahmane ein Unding, besonders, <a href=\"https:\/\/www.mdr.de\/sport\/fussball_rl\/kommentar-rueckzug-unterhaching-aufstieg-dritte-liga-100.html\" title=\"Aufstiegsfarce in der Regionalliga Bayern: &quot;Offenbarungseid einer Liga&quot;\" rel=\"nofollow noopener\" target=\"_blank\">da die Kickers ihre Staffel nicht einmal gewonnen haben<\/a>. &#8222;W\u00fcrzburg kann da nichts daf\u00fcr, aber dass wir gegen den Zweiten spielen mussten, obwohl man seit Jahren sagt: &#8218;Meister m\u00fcssen aufsteigen&#8216; \u2013 dann lasst doch den Meister aufsteigen.&#8220;\n<\/p>\n<p>Vager Blick in die Zukunft in Leipzig-Probstheida<\/p>\n<p class=\"text\">\nDie Franken, die seit M\u00e4rz keine Partie mehr verloren haben, profitierten am Ende auch vom Verletzungspech der Probstheidaer, die mit Stefan Maderer, Jonas Arcalean und Laurin von Piechowski auf S\u00e4ulen verzichten mussten. &#8222;Es war eine brutale Saison, die nicht gekr\u00f6nt wurde. Am Ende werden alle wieder sagen: &#8218;knapp vorbei!&#8217;Und in drei Wochen starten wir wieder in die Vorbereitung auf die Regionalliga&#8220;, haderte Abderrahmane.<\/p>\n","protected":false},"excerpt":{"rendered":"Aberkanntes Tor \u201epasst zur Gesamtkonstellation\u201c Doch es gab sie, die Chancen in W\u00fcrzburg. In der 71. Minute glich&hellip;\n","protected":false},"author":2,"featured_media":1063808,"comment_status":"","ping_status":"","sticky":false,"template":"","format":"standard","meta":{"footnotes":"","_share_on_mastodon":"0"},"categories":[1832],"tags":[5096,995,5876,3364,29,347,30,27048,71,5097,3457,81,211455,3459,859,3499,3498,15205,102264],"class_list":["post-1063807","post","type-post","status-publish","format-standard","has-post-thumbnail","category-leipzig","tag-1-fc-lok-leipzig","tag-3-liga","tag-aufstieg","tag-de","tag-deutschland","tag-fussball","tag-germany","tag-jochen-seitz","tag-leipzig","tag-lok","tag-lok-leipzig","tag-mdr","tag-michael-schiele","tag-regionalliga","tag-sachsen","tag-spio","tag-sport-im-osten","tag-wuerzburg","tag-wuerzburger-kickers"],"share_on_mastodon":{"url":"https:\/\/pubeurope.com\/@de\/116679428578197436","error":""},"_links":{"self":[{"href":"https:\/\/www.europesays.com\/de\/wp-json\/wp\/v2\/posts\/1063807","targetHints":{"allow":["GET"]}}],"collection":[{"href":"https:\/\/www.europesays.com\/de\/wp-json\/wp\/v2\/posts"}],"about":[{"href":"https:\/\/www.europesays.com\/de\/wp-json\/wp\/v2\/types\/post"}],"author":[{"embeddable":true,"href":"https:\/\/www.europesays.com\/de\/wp-json\/wp\/v2\/users\/2"}],"replies":[{"embeddable":true,"href":"https:\/\/www.europesays.com\/de\/wp-json\/wp\/v2\/comments?post=1063807"}],"version-history":[{"count":0,"href":"https:\/\/www.europesays.com\/de\/wp-json\/wp\/v2\/posts\/1063807\/revisions"}],"wp:featuredmedia":[{"embeddable":true,"href":"https:\/\/www.europesays.com\/de\/wp-json\/wp\/v2\/media\/1063808"}],"wp:attachment":[{"href":"https:\/\/www.europesays.com\/de\/wp-json\/wp\/v2\/media?parent=1063807"}],"wp:term":[{"taxonomy":"category","embeddable":true,"href":"https:\/\/www.europesays.com\/de\/wp-json\/wp\/v2\/categories?post=1063807"},{"taxonomy":"post_tag","embeddable":true,"href":"https:\/\/www.europesays.com\/de\/wp-json\/wp\/v2\/tags?post=1063807"}],"curies":[{"name":"wp","href":"https:\/\/api.w.org\/{rel}","templated":true}]}}