{"id":1063961,"date":"2026-06-02T09:20:17","date_gmt":"2026-06-02T09:20:17","guid":{"rendered":"https:\/\/www.europesays.com\/de\/1063961\/"},"modified":"2026-06-02T09:20:17","modified_gmt":"2026-06-02T09:20:17","slug":"koeln-vermisstes-maedchen-wieder-da","status":"publish","type":"post","link":"https:\/\/www.europesays.com\/de\/1063961\/","title":{"rendered":"K\u00f6ln: Vermisstes M\u00e4dchen wieder da"},"content":{"rendered":"<p>Polizei gibt Entwarnung <\/p>\n<p>In K\u00f6ln vermisst: 14-j\u00e4hriges M\u00e4dchen wieder da<\/p>\n<p>Aktualisiert am 02.06.2026 &#8211; 11:12 UhrLesedauer: 1 Min.<\/p>\n<p><a href=\"#focus-0\" class=\"transition-colors duration-200 block text-current relative\" data-sctrack=\"FocusGalleryImage.Reference\"><img fetchpriority=\"high\" data-testid=\"Opener.Image\"   loading=\"eager\" src=\"https:\/\/www.europesays.com\/de\/wp-content\/uploads\/2026\/05\/ein-streifenwagen-der-polizei-steht-mit-eingeschaltetem-blaulicht-an-einem-einsatzort-symbolbild-ein.jpeg\" alt=\"Ein Streifenwagen der Polizei steht mit eingeschaltetem Blaulicht an einem Einsatzort (Symbolbild): Ein Mann kam mit Stichverletzungen ins Krankenhaus.\" title=\"Ein Streifenwagen der Polizei steht mit eingeschaltetem Blaulicht an einem Einsatzort (Symbolbild): Ein Mann kam mit Stichverletzungen ins Krankenhaus.\" width=\"800\" height=\"450\" class=\"bg-[url:var(--lqipURL)] bg-cover bg-center flex h-full w-full max-w-full\" style=\"--lqipURL:url('https:\/\/images.t-online.de\/2026\/05\/3DVQfzKEi3W8\/0x113:800x450\/fit-in\/150x0\/filters:blur(25)\/ein-streifenwagen-der-polizei-steht-mit-eingeschaltetem-blaulicht-an-einem-einsatzort-symbolbild-ein-mann-kam-mit-stichverletzungen-ins-krankenhaus.jpg')\" decoding=\"async\"\/><img loading=\"lazy\" src=\"https:\/\/koeln.t-online.de\/s\/paper\/_next\/static\/media\/zoom-in.f7dae02f.svg\" alt=\"Vergr\u00f6\u00dfern des Bildes\" title=\"Vergr\u00f6\u00dfern des Bildes\" class=\"block h-[calc(var(--height)_\/_16_*_1rem)] w-[calc(var(--width)_\/_16_*_1rem)] max-w-none absolute bottom-8 right-8 rounded-4 bg-snow p-8\" style=\"--width:32;--height:32\" decoding=\"async\"\/><\/a><\/p>\n<p>Ein Streifenwagen der Polizei steht mit eingeschaltetem Blaulicht an einem Einsatzort (Symbolbild): In K\u00f6ln hatte die Polizei nach einem vermissten M\u00e4dchen gesucht. (Quelle: Marcus Brandt\/dpa)<\/p>\n<p class=\"font-bold text-18 leading-17 user-text-lg:text-22 user-text-xl:text-24\">Die seit rund eineinhalb Wochen vermisste 14-J\u00e4hrige ist wieder da. Die Polizei hatte mit Bildern nach der Jugendlichen gesucht.<\/p>\n<p class=\"text-18 leading-17 user-text-lg:text-22 user-text-xl:text-24\">Die in K\u00f6ln vermisste 14-J\u00e4hrige ist wieder da. Das teilte die K\u00f6lner Polizei am Dienstag mit. Das M\u00e4dchen erschien demnach am Montag bei der Wohnanschrift ihrer Eltern in Essen. Sie war zuvor in einer geschlossenen Einrichtung im Stadtteil Porz untergebracht und galt seit dem 22. Mai als verschwunden.<\/p>\n<p class=\"text-18 leading-17 user-text-lg:text-22 user-text-xl:text-24\">Die Polizei suchte mit Bildern nach der Jugendlichen. Zeitweise konnte nicht ausgeschlossen werden, dass sich das M\u00e4dchen &#8222;in einer hilflosen oder gef\u00e4hrlichen Lage&#8220; befindet.<\/p>\n","protected":false},"excerpt":{"rendered":"Polizei gibt Entwarnung In K\u00f6ln vermisst: 14-j\u00e4hriges M\u00e4dchen wieder da Aktualisiert am 02.06.2026 &#8211; 11:12 UhrLesedauer: 1 Min.&hellip;\n","protected":false},"author":2,"featured_media":1053663,"comment_status":"","ping_status":"","sticky":false,"template":"","format":"standard","meta":{"footnotes":"","_share_on_mastodon":"0"},"categories":[1828],"tags":[29,88119,7142,123,30,1420,1209,121,3416,59261,226849,5119,5117,31220,7141,199125,5118],"class_list":["post-1063961","post","type-post","status-publish","format-standard","has-post-thumbnail","category-koeln","tag-deutschland","tag-essen-stadt","tag-fahndung","tag-fahndungsfoto","tag-germany","tag-koeln","tag-nordrhein-westfalen","tag-polizei","tag-streifenwagen","tag-vermisstenaufruf","tag-vermisstenbild","tag-vermisstenfahndung","tag-vermisstenfall","tag-vermisstenfoto","tag-vermisstenmeldung","tag-vermisstensache","tag-vermisstensuche"],"share_on_mastodon":{"url":"https:\/\/pubeurope.com\/@de\/116679780117905561","error":""},"_links":{"self":[{"href":"https:\/\/www.europesays.com\/de\/wp-json\/wp\/v2\/posts\/1063961","targetHints":{"allow":["GET"]}}],"collection":[{"href":"https:\/\/www.europesays.com\/de\/wp-json\/wp\/v2\/posts"}],"about":[{"href":"https:\/\/www.europesays.com\/de\/wp-json\/wp\/v2\/types\/post"}],"author":[{"embeddable":true,"href":"https:\/\/www.europesays.com\/de\/wp-json\/wp\/v2\/users\/2"}],"replies":[{"embeddable":true,"href":"https:\/\/www.europesays.com\/de\/wp-json\/wp\/v2\/comments?post=1063961"}],"version-history":[{"count":0,"href":"https:\/\/www.europesays.com\/de\/wp-json\/wp\/v2\/posts\/1063961\/revisions"}],"wp:featuredmedia":[{"embeddable":true,"href":"https:\/\/www.europesays.com\/de\/wp-json\/wp\/v2\/media\/1053663"}],"wp:attachment":[{"href":"https:\/\/www.europesays.com\/de\/wp-json\/wp\/v2\/media?parent=1063961"}],"wp:term":[{"taxonomy":"category","embeddable":true,"href":"https:\/\/www.europesays.com\/de\/wp-json\/wp\/v2\/categories?post=1063961"},{"taxonomy":"post_tag","embeddable":true,"href":"https:\/\/www.europesays.com\/de\/wp-json\/wp\/v2\/tags?post=1063961"}],"curies":[{"name":"wp","href":"https:\/\/api.w.org\/{rel}","templated":true}]}}