{"id":106398,"date":"2025-05-13T04:02:08","date_gmt":"2025-05-13T04:02:08","guid":{"rendered":"https:\/\/www.europesays.com\/de\/106398\/"},"modified":"2025-05-13T04:02:08","modified_gmt":"2025-05-13T04:02:08","slug":"der-sport-tag-noch-schlimmer-fc-bayern-laesst-lothar-matthaeus-wueten","status":"publish","type":"post","link":"https:\/\/www.europesays.com\/de\/106398\/","title":{"rendered":"Der Sport-Tag: &#8222;Noch schlimmer&#8220;: FC Bayern l\u00e4sst Lothar Matth\u00e4us w\u00fcten"},"content":{"rendered":"<p>                    Der Sport-Tag<br \/>\n                &#8222;Noch schlimmer&#8220;: FC Bayern l\u00e4sst Lothar Matth\u00e4us w\u00fcten<\/p>\n<p>\t\t\t\t              12.05.2025, 22:02 Uhr<\/p>\n<p><b>Lothar Matth\u00e4us<\/b> hat mit<b> deutlicher Kritik auf den Ibiza-Kurztrip mehrerer Bayern-Profis <\/b>reagiert. &#8222;Vor drei Jahren sind Spieler des FC Bayern nach dem vorzeitigen Titelgewinn nach Ibiza geflogen, obwohl die Saison noch nicht vorbei war&#8220;, schrieb der 64-J\u00e4hrige in seiner Sky-Kolumne: &#8222;Den aktuellen Ibiza-Kurztrip sehe ich als fast <b>noch schlimmer <\/b>an,<b> weil der Verein ihn den Spielern letzte Woche noch verboten hatte.&#8220;<\/b><\/p>\n<p>Besonders mit <b>Blick auf das sportliche Restprogramm <\/b>am letzten Spieltag am Samstag (15.30 Uhr\/Sky und im Liveeticker bei ntv.de) <b>bei der TSG Hoffenheim <\/b>sende die Aktion ein schlechtes Signal. &#8222;Wenn Bayern am Samstag gegen eine Mannschaft spielen w\u00fcrde, f\u00fcr die es um nichts mehr geht, w\u00e4re es vielleicht egal, aber <b>Hoffenheim ist noch nicht gerettet&#8220;<\/b>, betonte Matth\u00e4us.<\/p>\n<p>Durch die Reise sieht der Weltmeister von 1990 auch die<b> Position von Max Eberl geschw\u00e4cht<\/b>, der Sportvorstand hatte nach dem 3:3 in Leipzig noch deutlich Position bezogen. &#8222;Er hat gesagt, dass die Spieler sich auf ihr Kerngesch\u00e4ft konzentrieren sollen. Doch das, was letzte Woche noch verboten wurde, macht die Mannschaft jetzt&#8220;, schrieb Matth\u00e4us: <b>&#8222;Eberl gibt in der Au\u00dfendarstellung nach den Personalien M\u00fcller und San\u00e9 wieder ein ungl\u00fcckliches Bild ab.&#8220; <\/b>Eberl hatte sein Umschwenken zuvor bereits verteidigt.<\/p>\n","protected":false},"excerpt":{"rendered":"Der Sport-Tag &#8222;Noch schlimmer&#8220;: FC Bayern l\u00e4sst Lothar Matth\u00e4us w\u00fcten 12.05.2025, 22:02 Uhr Lothar Matth\u00e4us hat mit deutlicher&hellip;\n","protected":false},"author":2,"featured_media":106399,"comment_status":"","ping_status":"","sticky":false,"template":"","format":"standard","meta":{"footnotes":"","_share_on_mastodon":"0"},"categories":[136],"tags":[772,282,29,7579,30,29513,7577,9219,265,283],"class_list":["post-106398","post","type-post","status-publish","format-standard","has-post-thumbnail","category-sport","tag-bayern","tag-der","tag-deutschland","tag-fc","tag-germany","tag-lothar","tag-matthaeus","tag-noch","tag-sport","tag-sport-tag"],"share_on_mastodon":{"url":"https:\/\/pubeurope.com\/@de\/114498538474210543","error":""},"_links":{"self":[{"href":"https:\/\/www.europesays.com\/de\/wp-json\/wp\/v2\/posts\/106398","targetHints":{"allow":["GET"]}}],"collection":[{"href":"https:\/\/www.europesays.com\/de\/wp-json\/wp\/v2\/posts"}],"about":[{"href":"https:\/\/www.europesays.com\/de\/wp-json\/wp\/v2\/types\/post"}],"author":[{"embeddable":true,"href":"https:\/\/www.europesays.com\/de\/wp-json\/wp\/v2\/users\/2"}],"replies":[{"embeddable":true,"href":"https:\/\/www.europesays.com\/de\/wp-json\/wp\/v2\/comments?post=106398"}],"version-history":[{"count":0,"href":"https:\/\/www.europesays.com\/de\/wp-json\/wp\/v2\/posts\/106398\/revisions"}],"wp:featuredmedia":[{"embeddable":true,"href":"https:\/\/www.europesays.com\/de\/wp-json\/wp\/v2\/media\/106399"}],"wp:attachment":[{"href":"https:\/\/www.europesays.com\/de\/wp-json\/wp\/v2\/media?parent=106398"}],"wp:term":[{"taxonomy":"category","embeddable":true,"href":"https:\/\/www.europesays.com\/de\/wp-json\/wp\/v2\/categories?post=106398"},{"taxonomy":"post_tag","embeddable":true,"href":"https:\/\/www.europesays.com\/de\/wp-json\/wp\/v2\/tags?post=106398"}],"curies":[{"name":"wp","href":"https:\/\/api.w.org\/{rel}","templated":true}]}}