{"id":1064036,"date":"2026-06-02T10:02:20","date_gmt":"2026-06-02T10:02:20","guid":{"rendered":"https:\/\/www.europesays.com\/de\/1064036\/"},"modified":"2026-06-02T10:02:20","modified_gmt":"2026-06-02T10:02:20","slug":"wuppertal-warum-diese-linde-einzigartig-in-deutschland-ist","status":"publish","type":"post","link":"https:\/\/www.europesays.com\/de\/1064036\/","title":{"rendered":"Wuppertal: Warum diese Linde einzigartig in Deutschland ist"},"content":{"rendered":"<p class=\"text_ohne_einzug richtext text-em-55 !leading-serif mx-6 desktop:mx-0\">Wer Lieder schreibt, gewinnt mit Gl\u00fcck oder K\u00f6nnen eine Goldene Schallplatte, manche stauben sogar einen Grammy ab. Der Barmer Heimatdichter Emil Rittershaus erhielt als Geschenk eine Linde \u2013 als Dank f\u00fcr das von ihm verfasste \u201eWestfalenlied\u201c. Doch es war nicht irgendein Baum, sondern ein Wurzelsch\u00f6ssling der Dortmunder \u201eVehmlinde\u201c. Diese Linde war ber\u00fchmt und mit den mittelalterlichen Vehmgerichten Westfalens verbunden \u2013 also historischen Gerichtsversammlungen unter Lindenb\u00e4umen. Rittershaus \u00fcbergab den Sch\u00f6ssling dem Barmer Versch\u00f6nerungsverein, der ihn 1894 in den Barmer Anlagen pflanzen lie\u00df. Die WZ hat sich auf ihre Spuren begeben.<\/p>\n","protected":false},"excerpt":{"rendered":"Wer Lieder schreibt, gewinnt mit Gl\u00fcck oder K\u00f6nnen eine Goldene Schallplatte, manche stauben sogar einen Grammy ab. Der&hellip;\n","protected":false},"author":2,"featured_media":1064037,"comment_status":"","ping_status":"","sticky":false,"template":"","format":"standard","meta":{"footnotes":"","_share_on_mastodon":"0"},"categories":[1840],"tags":[14723,17464,11036,3364,29,217,82052,20475,226871,226868,30,10347,73415,226869,226870,1209,226866,54078,226865,226867,4418],"class_list":["post-1064036","post","type-post","status-publish","format-standard","has-post-thumbnail","category-wuppertal","tag-anlagen","tag-barmer","tag-baum","tag-de","tag-deutschland","tag-dortmund","tag-emil","tag-erinnerung","tag-erinnerungsbaum","tag-gerichtslinde","tag-germany","tag-lage","tag-linde","tag-lindenbaeumen","tag-lindenschoessling","tag-nordrhein-westfalen","tag-rittershaus","tag-schulte","tag-vehmlinde","tag-westfalenlied","tag-wuppertal"],"share_on_mastodon":{"url":"https:\/\/pubeurope.com\/@de\/116679943466444098","error":""},"_links":{"self":[{"href":"https:\/\/www.europesays.com\/de\/wp-json\/wp\/v2\/posts\/1064036","targetHints":{"allow":["GET"]}}],"collection":[{"href":"https:\/\/www.europesays.com\/de\/wp-json\/wp\/v2\/posts"}],"about":[{"href":"https:\/\/www.europesays.com\/de\/wp-json\/wp\/v2\/types\/post"}],"author":[{"embeddable":true,"href":"https:\/\/www.europesays.com\/de\/wp-json\/wp\/v2\/users\/2"}],"replies":[{"embeddable":true,"href":"https:\/\/www.europesays.com\/de\/wp-json\/wp\/v2\/comments?post=1064036"}],"version-history":[{"count":0,"href":"https:\/\/www.europesays.com\/de\/wp-json\/wp\/v2\/posts\/1064036\/revisions"}],"wp:featuredmedia":[{"embeddable":true,"href":"https:\/\/www.europesays.com\/de\/wp-json\/wp\/v2\/media\/1064037"}],"wp:attachment":[{"href":"https:\/\/www.europesays.com\/de\/wp-json\/wp\/v2\/media?parent=1064036"}],"wp:term":[{"taxonomy":"category","embeddable":true,"href":"https:\/\/www.europesays.com\/de\/wp-json\/wp\/v2\/categories?post=1064036"},{"taxonomy":"post_tag","embeddable":true,"href":"https:\/\/www.europesays.com\/de\/wp-json\/wp\/v2\/tags?post=1064036"}],"curies":[{"name":"wp","href":"https:\/\/api.w.org\/{rel}","templated":true}]}}