{"id":1064138,"date":"2026-06-02T10:59:22","date_gmt":"2026-06-02T10:59:22","guid":{"rendered":"https:\/\/www.europesays.com\/de\/1064138\/"},"modified":"2026-06-02T10:59:22","modified_gmt":"2026-06-02T10:59:22","slug":"kaulitz-kaulitz-zurueck-auf-netflix-dritte-staffel-startet-im-juli-unterhaltung","status":"publish","type":"post","link":"https:\/\/www.europesays.com\/de\/1064138\/","title":{"rendered":"\u201eKaulitz &#038; Kaulitz\u201c zur\u00fcck auf Netflix! Dritte Staffel startet im Juli | Unterhaltung"},"content":{"rendered":"<p><a class=\"skip-content skip-content--link\" href=\"#in-content-skip-link-target-v-0-0\">TTS-Player \u00fcberspringen\u21b5<\/a><a id=\"in-content-skip-link-target-v-0-0\" class=\"skip-content--target-link-hidden skip-content skip-content--target-link\" href=\"#in-content-skip-link-target-v-0-0\">Artikel weiterlesen<\/a><\/p>\n<p>Los Angeles (USA) &#8211; <b>Sie sind wild, emotional und werden pers\u00f6nlicher als je zuvor. Am 23. Juli startet die dritte Staffel von \u201eKaulitz &amp; Kaulitz\u201c. Die wohl bekanntesten Zwillinge Deutschlands, Bill und Tom Kaulitz (36), \u00f6ffnen erneut die T\u00fcren zu ihrem Leben \u2013 und gew\u00e4hren Fans intime Einblicke hinter die Kulissen ihres Glamour-Alltags.<\/b><\/p>\n<p>Zwischen Hollywood-Luxus, Tokio-Hotel-Touren, Familienmomenten, wilden Partys, Flirts und jeder Menge Drama begleiteten die Kameras die Br\u00fcder \u00fcber mehrere Monate hinweg. Doch in Staffel 3 geht es nicht nur um ihr Leben zwischen Los Angeles und Berlin.<\/p>\n<p><img decoding=\"async\" width=\"992\" height=\"558\" alt=\"Freiz\u00fcgig wie nie: Bill Kaulitz l\u00e4sst es krachen\" src=\"https:\/\/www.europesays.com\/de\/wp-content\/uploads\/2026\/06\/ec92f7e7474d87c004f38b6300935a83,d7182848.jpeg\"   class=\"landscape\" loading=\"lazy\"\/><\/p>\n<p class=\"fig__caption__text\">Freiz\u00fcgig wie nie: Bill Kaulitz l\u00e4sst es krachen<\/p>\n<p>Foto: Netflix<\/p>\n<p><img decoding=\"async\" width=\"992\" height=\"661\" alt=\"Tom (r.) und Bill Kaulitz nehmen ihre Fans zu privaten Unterhaltungen mit\" src=\"https:\/\/www.europesays.com\/de\/wp-content\/uploads\/2026\/06\/ea630b6b9561de7ba94aded1bd41c7c7,d2d1e9d9.jpeg\"   class=\"dynamic\" loading=\"lazy\"\/><\/p>\n<p class=\"fig__caption__text\">Tom (r.) und Bill Kaulitz nehmen ihre Fans zu privaten Unterhaltungen mit<\/p>\n<p>Foto: Netflix<\/p>\n<p>Kaulitz-Br\u00fcder reisen zur\u00fcck zu ihren Wurzeln<\/p>\n<p>\u00dcberraschung! Auch die Heimat ihrer Kindheit, Magdeburg, spielt diesmal eine gro\u00dfe Rolle. Die <a href=\"https:\/\/www.bild.de\/unterhaltung\/stars-und-leute\/kaulitz-brueder-reagieren-auf-backpfeife-von-angela-merkel-6a16a730d3089965c4659209\" class=\"text-link\" rel=\"nofollow noopener\" target=\"_blank\">Kaulitz-Zwillinge<\/a> reisen zur\u00fcck zu ihren Wurzeln und sprechen so offen wie selten \u00fcber ihre Vergangenheit. Fans d\u00fcrfen sich auf emotionale Momente, ehrliche Gespr\u00e4che und spannende Einblicke freuen. Welche Menschen und Erlebnisse sie gepr\u00e4gt haben und welche Spuren ihre Kindheit bis heute hinterlassen hat &#8211; das zeigen Bill und Tom in der neuen Staffel.<\/p>\n<p><img decoding=\"async\" width=\"992\" height=\"496\" alt=\"Was ist denn hier los? Bill und Tom im Mittelalter-Look\" src=\"https:\/\/www.europesays.com\/de\/wp-content\/uploads\/2026\/06\/6fc918bf66a3f4a7992e0b842d9434f4,aca793e.jpeg\"   class=\"dynamic\" loading=\"lazy\"\/><\/p>\n<p class=\"fig__caption__text\">Was ist denn hier los? Bill und Tom im Mittelalter-Look<\/p>\n<p>Foto: Netflix<\/p>\n<p> An dieser Stelle findest du Inhalte aus Instagram <\/p>\n<p> Um mit Inhalten aus Instagram und anderen sozialen Netzwerken zu interagieren oder diese darzustellen, brauchen wir deine Zustimmung. <\/p>\n<p> soziale Netzwerke aktivieren  Um eingebettete Inhalte anzuzeigen, ist Ihre jederzeit widerrufliche Einwilligung (\u00fcber den Schalter oder \u00fcber &#8220; <a class=\"embed-placeholder__text-link\" href=\"#\" rel=\"noopener noreferrer\" title=\"Tracking widerrufen\"> Widerruf Tracking und Cookies<\/a> &#8220; am Seitenende) zur Verarbeitung personenbezogener Daten n\u00f6tig.  Dabei k\u00f6nnen Daten in Drittl\u00e4nder wie die USA \u00fcbermittelt werden (Art. 49 Abs. 1 lit. a DSGVO). Mit dem Aktivieren des Inhalts stimmen Sie zu. Weitere Infos finden Sie <a class=\"embed-placeholder__text-link\" href=\"#\" rel=\"noopener noreferrer\" title=\"Zu den Privatsph\u00e4re Einstellungen\"> hier<\/a>. <\/p>\n<p>Mehr Gef\u00fchle, mehr Vergangenheit, mehr Kaulitz! Staffel 3 soll die bislang pers\u00f6nlichste Reise von Bill und Tom werden. W\u00e4hrend eines Werbe-Talks mit dem Konzern Meta gab <a href=\"https:\/\/www.bild.de\/themen\/personen\/bill-kaulitz\/unterhaltung-musik-nachrichten-news-fotos-videos-15817620.bild.html\" class=\"text-link\" rel=\"nofollow noopener\" target=\"_blank\">Bill Kaulitz<\/a> auf der OMR (gr\u00f6\u00dfte Digitalmesse Europas) schon Mitte Mai Einblicke in die Dreharbeiten. <\/p>\n<p>Der Tokio-Hotel-S\u00e4nger beteuert: Geheim gehalten wird nichts mehr. Stattdessen geht es z\u00fcgelloser zu, als bisher. \u201eFr\u00fcher war ich verschlossen, heute bin ich entspannter\u201c, so der Musiker.<\/p>\n<p><img decoding=\"async\" width=\"992\" height=\"1491\" alt=\"Bill Kaulitz sprach im Mai in Hamburg bei der Digitalmesse OMR\" src=\"https:\/\/www.europesays.com\/de\/wp-content\/uploads\/2026\/06\/98b973b5bf25083a0be12a213faad020,aa94d5f4.jpeg\"   class=\"dynamic\" loading=\"lazy\"\/><\/p>\n<p class=\"fig__caption__text\">Bill Kaulitz sprach im Mai in Hamburg bei der Digitalmesse OMR \u00fcber die neue Staffel<\/p>\n<p>Foto: Geisler-Fotopress<\/p>\n<p>Fallen alle Hemmungen? <a href=\"https:\/\/www.bild.de\/unterhaltung\/stars-und-leute\/bill-und-tom-kaulitz-machten-eigentlich-einen-scherz-so-kam-es-zum-wetten-dass-deal-6970695469fa3734a658f5df\" class=\"text-link\" rel=\"nofollow noopener\" target=\"_blank\">Kaulitz<\/a>: \u201eIch wei\u00df gar nicht, ob man das zeigen kann.\u201c Er w\u00fcrde \u201eAll in\u201c gehen. Sogar so weit, dass es kleine Familiendiskussionen gibt: \u201eTom guckt mich oft an: \u201aDas w\u00fcrde ich an deiner Stelle herausschneiden.\u2018, Aber warum? Man muss auch die h\u00e4sslichen Seiten zeigen.\u201c<\/p>\n","protected":false},"excerpt":{"rendered":"TTS-Player \u00fcberspringen\u21b5Artikel weiterlesen Los Angeles (USA) &#8211; Sie sind wild, emotional und werden pers\u00f6nlicher als je zuvor. Am&hellip;\n","protected":false},"author":2,"featured_media":1064139,"comment_status":"","ping_status":"","sticky":false,"template":"","format":"standard","meta":{"footnotes":"","_share_on_mastodon":"0"},"categories":[155],"tags":[29,214,30,683,5351,5352,27432,2846,5353,215],"class_list":["post-1064138","post","type-post","status-publish","format-standard","has-post-thumbnail","category-unterhaltung","tag-deutschland","tag-entertainment","tag-germany","tag-hollywood","tag-kaulitz-bill","tag-kaulitz-tom","tag-klum-heidi","tag-netflix","tag-tokio-hotel","tag-unterhaltung"],"share_on_mastodon":{"url":"","error":""},"_links":{"self":[{"href":"https:\/\/www.europesays.com\/de\/wp-json\/wp\/v2\/posts\/1064138","targetHints":{"allow":["GET"]}}],"collection":[{"href":"https:\/\/www.europesays.com\/de\/wp-json\/wp\/v2\/posts"}],"about":[{"href":"https:\/\/www.europesays.com\/de\/wp-json\/wp\/v2\/types\/post"}],"author":[{"embeddable":true,"href":"https:\/\/www.europesays.com\/de\/wp-json\/wp\/v2\/users\/2"}],"replies":[{"embeddable":true,"href":"https:\/\/www.europesays.com\/de\/wp-json\/wp\/v2\/comments?post=1064138"}],"version-history":[{"count":0,"href":"https:\/\/www.europesays.com\/de\/wp-json\/wp\/v2\/posts\/1064138\/revisions"}],"wp:featuredmedia":[{"embeddable":true,"href":"https:\/\/www.europesays.com\/de\/wp-json\/wp\/v2\/media\/1064139"}],"wp:attachment":[{"href":"https:\/\/www.europesays.com\/de\/wp-json\/wp\/v2\/media?parent=1064138"}],"wp:term":[{"taxonomy":"category","embeddable":true,"href":"https:\/\/www.europesays.com\/de\/wp-json\/wp\/v2\/categories?post=1064138"},{"taxonomy":"post_tag","embeddable":true,"href":"https:\/\/www.europesays.com\/de\/wp-json\/wp\/v2\/tags?post=1064138"}],"curies":[{"name":"wp","href":"https:\/\/api.w.org\/{rel}","templated":true}]}}