{"id":1064158,"date":"2026-06-02T11:10:15","date_gmt":"2026-06-02T11:10:15","guid":{"rendered":"https:\/\/www.europesays.com\/de\/1064158\/"},"modified":"2026-06-02T11:10:15","modified_gmt":"2026-06-02T11:10:15","slug":"juechen-gundschuelen-nehmen-an-der-musikalischen-foerderung-teil","status":"publish","type":"post","link":"https:\/\/www.europesays.com\/de\/1064158\/","title":{"rendered":"J\u00fcchen: Gundsch\u00fclen nehmen an der musikalischen F\u00f6rderung teil"},"content":{"rendered":"<p class=\"text_ohne_einzug richtext text-em-55 !leading-serif mx-6 desktop:mx-0\">  Weltmusiker wie die Geigerin <a href=\"https:\/\/rp-online.de\/thema\/anne-sophie-mutter\/\" rel=\"nofollow noopener\" target=\"_blank\">Anne-Sophie Mutter<\/a> machen immer wieder auf die nachlassende musikalische Grundf\u00f6rderung aufmerksam. Bei Liedern wie \u201eH\u00e4nschen klein\u201c ist nicht mehr jedes Kind sattelfest. Die Schulen reagieren auf die Entwicklung seit einigen Jahren mit Projekten wie \u201eJedem Kind Instrumente, Tanzen, Singen\u201c. Bundesweit sind es gut tausend Grund- und F\u00f6rderschulen, die gemeinsam mit den Bildungspartnern die drei Schwerpunkte Singen, Tanzen oder ein Instrument spielen im Rahmen von \u201eJeKits\u201c anbieten.<\/p>\n<p class=\"richtext text-em-55 !leading-serif mx-6 desktop:mx-0\">Die Lindenschule sowie die Gemeinschafts-Grundschulen in Hochneukirch-Otzenrath und <a href=\"https:\/\/rp-online.de\/thema\/juechen\/\" rel=\"nofollow noopener\" target=\"_blank\">J\u00fcchen<\/a> sind seit einigen Jahren dabei. Der Schul- und Jugendausschuss nahm nun den Bericht \u00fcber die musikalischen Projekte an Grundschulen zur Kenntnis. Die Kreisjugendmusikschule bietet hier das landesweite JeKits-Programm und auch die Singpause an. Das Land finanziert zu hundert Prozent die Kosten f\u00fcr die Lehrkr\u00e4fte und deren Unterricht im Klassenverband.<\/p>\n<p class=\"richtext text-em-55 !leading-serif mx-6 desktop:mx-0\">Dar\u00fcber hinaus gibt es das Angebot der SingPause, welches urspr\u00fcnglich der St\u00e4dtische Musikverein D\u00fcsseldorf entwickelte. Es ist ein sozial-integratives Bildungsangebot in Grundschulen. Bei dem ausgebildete Singleiter mehrfach in der Woche je 20 Minuten in die Klassen kommen und Aspekte wie Stimmbildung, Rhythmus und Geh\u00f6rbildung mit viel Bewegung und internationalem Repertoire umsetzen.<\/p>\n<p class=\"richtext text-em-55 !leading-serif mx-6 desktop:mx-0\">Wie die Verwaltung mitteilt, nehmen in J\u00fcchen im aktuellen Schuljahr alle Grundschulen teil, die Singpause wird an der Lindenschule auch von den dritten und vierten Klassen wahrgenommen, w\u00e4hrend JeKits vor allem in den ersten und zweiten Klassen stattfindet. Die SingPause wird laut Verwaltung zu einem gro\u00dfen Teil von den Musikschulen unterst\u00fctzt. Daf\u00fcr stellt diese den jeweiligen F\u00f6rdervereinen der Grundschulen pro Klasse 1650 Euro in Rechnung.<\/p>\n<p class=\"richtext text-em-55 !leading-serif mx-6 desktop:mx-0\">Die F\u00f6rdervereine erhalten Geld vom Verein SingPause und dem F\u00f6rderverein der Musikschule, die die Spenden der Sparkasse Neuss in den Topf gibt. Den Eigenanteil der Schulen in H\u00f6he von 550 Euro pro Klasse hat in den vergangenen Jahren die Stadt J\u00fcchen \u00fcbernommen, insgesamt fallen Kosten von 7150 Euro an. Geld, das vom Sachkonto Dienstleistungen f\u00fcr Schulen und Sch\u00fcler zur Verf\u00fcgung gestellt wird. Auch f\u00fcr das Schuljahr 2026\/27 sind JeKits-Projekte und SingPausen an den Grundschulen geplant.<\/p>\n","protected":false},"excerpt":{"rendered":"Weltmusiker wie die Geigerin Anne-Sophie Mutter machen immer wieder auf die nachlassende musikalische Grundf\u00f6rderung aufmerksam. Bei Liedern wie&hellip;\n","protected":false},"author":2,"featured_media":1064159,"comment_status":"","ping_status":"","sticky":false,"template":"","format":"standard","meta":{"footnotes":"","_share_on_mastodon":"0"},"categories":[1849],"tags":[4568,703,3364,29,548,663,3934,38502,30,4732,4484,13,28684,226905,26920,86470,4455,9803,1116,14,15,1209,50704,13883,12,19985,51031],"class_list":["post-1064158","post","type-post","status-publish","format-standard","has-post-thumbnail","category-moenchengladbach","tag-schulen","tag-bewegung","tag-de","tag-deutschland","tag-eu","tag-europa","tag-europe","tag-foerderschulen","tag-germany","tag-grund","tag-grundschulen","tag-headlines","tag-hochneukirch","tag-jekits","tag-juechen","tag-lindenschule","tag-moenchengladbach","tag-musikalische","tag-musikschule","tag-nachrichten","tag-news","tag-nordrhein-westfalen","tag-otzenrath","tag-projekte","tag-schlagzeilen","tag-schul","tag-singpause"],"share_on_mastodon":{"url":"https:\/\/pubeurope.com\/@de\/116680210899430886","error":""},"_links":{"self":[{"href":"https:\/\/www.europesays.com\/de\/wp-json\/wp\/v2\/posts\/1064158","targetHints":{"allow":["GET"]}}],"collection":[{"href":"https:\/\/www.europesays.com\/de\/wp-json\/wp\/v2\/posts"}],"about":[{"href":"https:\/\/www.europesays.com\/de\/wp-json\/wp\/v2\/types\/post"}],"author":[{"embeddable":true,"href":"https:\/\/www.europesays.com\/de\/wp-json\/wp\/v2\/users\/2"}],"replies":[{"embeddable":true,"href":"https:\/\/www.europesays.com\/de\/wp-json\/wp\/v2\/comments?post=1064158"}],"version-history":[{"count":0,"href":"https:\/\/www.europesays.com\/de\/wp-json\/wp\/v2\/posts\/1064158\/revisions"}],"wp:featuredmedia":[{"embeddable":true,"href":"https:\/\/www.europesays.com\/de\/wp-json\/wp\/v2\/media\/1064159"}],"wp:attachment":[{"href":"https:\/\/www.europesays.com\/de\/wp-json\/wp\/v2\/media?parent=1064158"}],"wp:term":[{"taxonomy":"category","embeddable":true,"href":"https:\/\/www.europesays.com\/de\/wp-json\/wp\/v2\/categories?post=1064158"},{"taxonomy":"post_tag","embeddable":true,"href":"https:\/\/www.europesays.com\/de\/wp-json\/wp\/v2\/tags?post=1064158"}],"curies":[{"name":"wp","href":"https:\/\/api.w.org\/{rel}","templated":true}]}}